{"id":40032,"date":"2024-11-27T13:45:04","date_gmt":"2024-11-27T13:45:04","guid":{"rendered":"https:\/\/cultivers.es\/guide-complet-pour-votre-potager-en-hiver-soins-et-cultures-recommandees\/"},"modified":"2024-11-27T13:45:18","modified_gmt":"2024-11-27T13:45:18","slug":"guide-complet-pour-votre-potager-en-hiver-soins-et-cultures-recommandees","status":"publish","type":"post","link":"https:\/\/cultivers.es\/fr\/blog\/guide-complet-pour-votre-potager-en-hiver-soins-et-cultures-recommandees\/","title":{"rendered":"Guide complet pour votre potager en hiver : soins et cultures recommand\u00e9es"},"content":{"rendered":"\n<p>L&rsquo;hiver peut sembler \u00eatre une p\u00e9riode de repos pour le jardin, mais en r\u00e9alit\u00e9, il offre de nombreuses possibilit\u00e9s de profiter du jardin et d&rsquo;y travailler. Avec les bons soins et les bonnes cultures, vous pouvez maintenir un jardin productif et pr\u00e9parer le sol pour la saison suivante. <\/p>\n\n<p>Dans ce guide, nous vous expliquons comment prendre soin de votre jardin pendant l&rsquo;hiver, quelles sont les cultures id\u00e9ales pour cette saison et quels sont les travaux \u00e0 effectuer pour en tirer le meilleur parti.<\/p>\n<div class=\"wp-block-image\">\n<figure class=\"aligncenter size-large is-resized\"><img decoding=\"async\" width=\"1024\" height=\"574\" src=\"https:\/\/cultivers.es\/wp-content\/uploads\/2024\/11\/invierno_5-1-1024x574.jpg\" alt=\"\" class=\"wp-image-40017\" style=\"width:600px\" title=\"\" srcset=\"https:\/\/cultivers.es\/wp-content\/uploads\/2024\/11\/invierno_5-1-1024x574.jpg 1024w, https:\/\/cultivers.es\/wp-content\/uploads\/2024\/11\/invierno_5-1-600x336.jpg 600w, https:\/\/cultivers.es\/wp-content\/uploads\/2024\/11\/invierno_5-1-300x168.jpg 300w, https:\/\/cultivers.es\/wp-content\/uploads\/2024\/11\/invierno_5-1-768x430.jpg 768w, https:\/\/cultivers.es\/wp-content\/uploads\/2024\/11\/invierno_5-1-1080x605.jpg 1080w, https:\/\/cultivers.es\/wp-content\/uploads\/2024\/11\/invierno_5-1-1280x717.jpg 1280w, https:\/\/cultivers.es\/wp-content\/uploads\/2024\/11\/invierno_5-1-980x549.jpg 980w, https:\/\/cultivers.es\/wp-content\/uploads\/2024\/11\/invierno_5-1-480x269.jpg 480w, https:\/\/cultivers.es\/wp-content\/uploads\/2024\/11\/invierno_5-1.jpg 1456w\" sizes=\"(max-width: 1024px) 100vw, 1024px\" \/><\/figure>\n<\/div>\n<h2 class=\"wp-block-heading\">Comment entretenir le potager en hiver ?<\/h2>\n\n<p>L&rsquo;hiver est synonyme de basses temp\u00e9ratures, de gel et de diminution du nombre d&rsquo;heures de lumi\u00e8re du jour. Cela signifie que les besoins des plantes changent et qu&rsquo;il est important d&rsquo;adapter les soins du jardin pour prot\u00e9ger les cultures et maintenir le sol en bon \u00e9tat. <\/p>\n\n<h3 class=\"wp-block-heading\">Prot\u00e8ge les plantes du froid<\/h3>\n\n<p>Si vous avez des cultures sensibles au gel, comme certains l\u00e9gumes \u00e0 feuilles, utilisez des couvertures thermiques ou de petites serres pour les prot\u00e9ger. Vous pouvez \u00e9galement utiliser des paillis de paille ou de feuilles s\u00e8ches autour des plantes pour les isoler du froid. <\/p>\n\n<h3 class=\"wp-block-heading\">Contr\u00f4le de l&rsquo;irrigation<\/h3>\n\n<p>Bien que les plantes aient besoin de moins d&rsquo;eau en hiver, vous ne devez pas n\u00e9gliger l&rsquo;arrosage, surtout si vous avez des journ\u00e9es s\u00e8ches. Arrosez pendant les heures les plus chaudes de la journ\u00e9e pour \u00e9viter que l&rsquo;eau ne g\u00e8le et n&rsquo;endommage les racines. <\/p>\n\n<h3 class=\"wp-block-heading\">Enrichit le sol<\/h3>\n\n<p>L&rsquo;hiver est une p\u00e9riode id\u00e9ale pour travailler le sol. L&rsquo;ajout de fumier organique ou de compost aidera \u00e0 pr\u00e9parer le sol pour le printemps. Les \u00e9l\u00e9ments nutritifs seront ainsi incorpor\u00e9s lentement et seront pr\u00eats lorsque les temp\u00e9ratures augmenteront.  <\/p>\n\n<h3 class=\"wp-block-heading\">Gardez le jardin propre<\/h3>\n\n<p>Enlevez les feuilles mortes et les d\u00e9bris de culture pour \u00e9viter la prolif\u00e9ration des parasites et des maladies. Cette habitude simple vous aidera \u00e0 garder votre jardin en bonne sant\u00e9 pendant l&rsquo;hiver. <\/p>\n<div class=\"wp-block-image\">\n<figure class=\"aligncenter size-large is-resized\"><img decoding=\"async\" width=\"1024\" height=\"574\" src=\"https:\/\/cultivers.es\/wp-content\/uploads\/2024\/11\/Invierno_4-1-1024x574.jpg\" alt=\"\" class=\"wp-image-40023\" style=\"width:600px\" title=\"\" srcset=\"https:\/\/cultivers.es\/wp-content\/uploads\/2024\/11\/Invierno_4-1-1024x574.jpg 1024w, https:\/\/cultivers.es\/wp-content\/uploads\/2024\/11\/Invierno_4-1-600x336.jpg 600w, https:\/\/cultivers.es\/wp-content\/uploads\/2024\/11\/Invierno_4-1-300x168.jpg 300w, https:\/\/cultivers.es\/wp-content\/uploads\/2024\/11\/Invierno_4-1-768x430.jpg 768w, https:\/\/cultivers.es\/wp-content\/uploads\/2024\/11\/Invierno_4-1-1080x605.jpg 1080w, https:\/\/cultivers.es\/wp-content\/uploads\/2024\/11\/Invierno_4-1-1280x717.jpg 1280w, https:\/\/cultivers.es\/wp-content\/uploads\/2024\/11\/Invierno_4-1-980x549.jpg 980w, https:\/\/cultivers.es\/wp-content\/uploads\/2024\/11\/Invierno_4-1-480x269.jpg 480w, https:\/\/cultivers.es\/wp-content\/uploads\/2024\/11\/Invierno_4-1.jpg 1456w\" sizes=\"(max-width: 1024px) 100vw, 1024px\" \/><\/figure>\n<\/div>\n<h2 class=\"wp-block-heading\">Que planter en hiver ?<\/h2>\n\n<p>Bien que l&rsquo;hiver soit une saison plus lente, il existe de nombreuses cultures qui s&rsquo;adaptent bien au froid. Voici quelques-unes des options les plus recommand\u00e9es : <\/p>\n\n<h3 class=\"wp-block-heading\">Plantes sarcl\u00e9es<\/h3>\n\n<ul class=\"wp-block-list\">\n<li><strong>Radis<\/strong>: Croissance rapide et r\u00e9sistance au froid.<\/li>\n\n\n\n<li><strong>Carottes<\/strong>: Besoin d&rsquo;un sol meuble et bien drain\u00e9.<\/li>\n\n\n\n<li><strong>Navets<\/strong>: parfaits pour l&rsquo;hiver, car ils tol\u00e8rent les basses temp\u00e9ratures.<\/li>\n<\/ul>\n\n<h3 class=\"wp-block-heading\">L\u00e9gumes-feuilles<\/h3>\n\n<ul class=\"wp-block-list\">\n<li><strong>Laitues d&rsquo;hiver<\/strong>: Des vari\u00e9t\u00e9s comme l&rsquo;endive ou la roquette r\u00e9sistent bien au froid.<\/li>\n\n\n\n<li><strong>Bette \u00e0 carde<\/strong>: pousse toute l&rsquo;ann\u00e9e et r\u00e9siste aux gel\u00e9es l\u00e9g\u00e8res.<\/li>\n\n\n\n<li><strong>\u00c9pinard<\/strong>: id\u00e9al pour une r\u00e9colte dans quelques semaines.<\/li>\n<\/ul>\n\n<h3 class=\"wp-block-heading\">Autres options<\/h3>\n\n<ul class=\"wp-block-list\">\n<li><strong>Ail et oignons<\/strong>: Vous pouvez les semer en hiver pour les r\u00e9colter au printemps ou en \u00e9t\u00e9.<\/li>\n\n\n\n<li><strong>Pois et haricots<\/strong>: Ils supportent bien le froid et enrichissent le sol en azote.<\/li>\n<\/ul>\n\n<h2 class=\"wp-block-heading\">Les t\u00e2ches indispensables dans le potager en hiver<\/h2>\n\n<p>Outre la plantation de cultures rustiques, vous pouvez effectuer d&rsquo;autres t\u00e2ches pour maintenir votre jardin en parfait \u00e9tat :<\/p>\n\n<h3 class=\"wp-block-heading\">Taille des arbres et des arbustes<\/h3>\n\n<p>L&rsquo;hiver est le moment id\u00e9al pour tailler les arbres fruitiers et les arbustes. Cette op\u00e9ration stimule la croissance de nouvelles branches et permet d&rsquo;\u00e9liminer les parties endommag\u00e9es ou malades. <\/p>\n\n<h3 class=\"wp-block-heading\">Pr\u00e9paration du sol<\/h3>\n\n<p>Si vous ne cultivez aucune zone du jardin, vous pouvez utiliser des engrais verts ou pailler le sol pour le prot\u00e9ger de l&rsquo;\u00e9rosion et am\u00e9liorer sa fertilit\u00e9.<\/p>\n\n<h3 class=\"wp-block-heading\">V\u00e9rifier les outils et les structures<\/h3>\n\n<p>Profitez de l&rsquo;hiver pour nettoyer et aff\u00fbter vos outils. C&rsquo;est \u00e9galement le moment de v\u00e9rifier les serres, les tuteurs et les cl\u00f4tures pour vous assurer qu&rsquo;ils sont en bon \u00e9tat. <\/p>\n<div class=\"wp-block-image\">\n<figure class=\"aligncenter size-large is-resized\"><img decoding=\"async\" width=\"1024\" height=\"574\" src=\"https:\/\/cultivers.es\/wp-content\/uploads\/2024\/11\/invierno_1-1024x574.jpg\" alt=\"taille d&#039;hiver\" class=\"wp-image-39993\" style=\"width:600px\" title=\"\" srcset=\"https:\/\/cultivers.es\/wp-content\/uploads\/2024\/11\/invierno_1-1024x574.jpg 1024w, https:\/\/cultivers.es\/wp-content\/uploads\/2024\/11\/invierno_1-600x336.jpg 600w, https:\/\/cultivers.es\/wp-content\/uploads\/2024\/11\/invierno_1-300x168.jpg 300w, https:\/\/cultivers.es\/wp-content\/uploads\/2024\/11\/invierno_1-768x430.jpg 768w, https:\/\/cultivers.es\/wp-content\/uploads\/2024\/11\/invierno_1-1080x605.jpg 1080w, https:\/\/cultivers.es\/wp-content\/uploads\/2024\/11\/invierno_1-1280x717.jpg 1280w, https:\/\/cultivers.es\/wp-content\/uploads\/2024\/11\/invierno_1-980x549.jpg 980w, https:\/\/cultivers.es\/wp-content\/uploads\/2024\/11\/invierno_1-480x269.jpg 480w, https:\/\/cultivers.es\/wp-content\/uploads\/2024\/11\/invierno_1.jpg 1456w\" sizes=\"(max-width: 1024px) 100vw, 1024px\" \/><\/figure>\n<\/div>\n<h2 class=\"wp-block-heading\">Engrais recommand\u00e9s et engrais pour la saison hivernale<\/h2>\n\n<p>\u00c0 cette \u00e9poque, il est id\u00e9al d&rsquo;appliquer des engrais organiques qui se d\u00e9composent lentement, tels que le compost, le fumier ou les turricules de vers. Ces \u00e9l\u00e9ments nutritifs seront incorpor\u00e9s au sol pendant l&rsquo;hiver et seront disponibles pour les plantes au printemps. <\/p>\n\n<p>Si vous avez besoin de produits sp\u00e9cifiques, vous trouverez dans notre boutique en ligne des options parfaites pour enrichir votre jardin.<\/p>\n<div data-block-name=\"woocommerce\/handpicked-products\" data-products=\"[18429,18492,38176]\" class=\"wc-block-grid wp-block-handpicked-products wp-block-woocommerce-handpicked-products wc-block-handpicked-products has-3-columns has-multiple-rows\"><ul class=\"wc-block-grid__products\"><li class=\"wc-block-grid__product\">\n\t\t\t\t<a href=\"https:\/\/cultivers.es\/fr\/abonnements\/engrais-ecologique-au-phosphore-liquide\/\" class=\"wc-block-grid__product-link\">\n\t\t\t\t\t\n\t\t\t\t\t<div class=\"wc-block-grid__product-image\"><img decoding=\"async\" width=\"300\" height=\"300\" src=\"https:\/\/cultivers.es\/wp-content\/uploads\/2024\/06\/A_FOSFORO-LIQUIDO-1L-scaled-300x300.jpg\" class=\"attachment-woocommerce_thumbnail size-woocommerce_thumbnail\" alt=\"Engrais \u00e9cologique au phosphore liquide\" srcset=\"https:\/\/cultivers.es\/wp-content\/uploads\/2024\/06\/A_FOSFORO-LIQUIDO-1L-scaled-300x300.jpg 300w, https:\/\/cultivers.es\/wp-content\/uploads\/2024\/06\/A_FOSFORO-LIQUIDO-1L-100x100.jpg 100w, https:\/\/cultivers.es\/wp-content\/uploads\/2024\/06\/A_FOSFORO-LIQUIDO-1L-150x150.jpg 150w, https:\/\/cultivers.es\/wp-content\/uploads\/2024\/06\/A_FOSFORO-LIQUIDO-1L-50x50.jpg 50w\" sizes=\"(max-width: 300px) 100vw, 300px\" title=\"\"><\/div>\n\t\t\t\t\t<div class=\"wc-block-grid__product-title\">Engrais \u00e9cologique au phosphore liquide<\/div>\n\t\t\t\t<\/a>\n\t\t\t\t<div class=\"wc-block-grid__product-price price\"><span class=\"woocommerce-Price-amount amount\" aria-hidden=\"true\">19.90<span class=\"woocommerce-Price-currencySymbol\">&euro;<\/span><\/span> <span aria-hidden=\"true\">\u00a0\u2013\u00a0<\/span> <span class=\"woocommerce-Price-amount amount\" aria-hidden=\"true\">69.90<span class=\"woocommerce-Price-currencySymbol\">&euro;<\/span><\/span><span class=\"screen-reader-text\">Plage de prix\u00a0: 19.90&euro; \u00e0 69.90&euro;<\/span><\/div>\n\t\t\t\t\n\t\t\t\t<div class=\"wp-block-button wc-block-grid__product-add-to-cart\"><a href=\"https:\/\/cultivers.es\/fr\/abonnements\/engrais-ecologique-au-phosphore-liquide\/\" aria-label=\"S\u00e9lectionner les options pour &ldquo;Engrais \u00e9cologique au phosphore liquide&rdquo;\" data-quantity=\"1\" data-product_id=\"38176\" data-product_sku=\"C700CCFL\" data-price=\"19.9\" rel=\"nofollow\" class=\"wp-block-button__link  add_to_cart_button\">Choix des options<\/a><\/div>\n\t\t\t<\/li><li class=\"wc-block-grid__product\">\n\t\t\t\t<a href=\"https:\/\/cultivers.es\/fr\/abonnements\/ver-de-terre-humus\/\" class=\"wc-block-grid__product-link\">\n\t\t\t\t\t\n\t\t\t\t\t<div class=\"wc-block-grid__product-image\"><img decoding=\"async\" width=\"300\" height=\"300\" src=\"https:\/\/cultivers.es\/wp-content\/uploads\/2021\/10\/BOLSA.3L-humus-300x300.jpg\" class=\"attachment-woocommerce_thumbnail size-woocommerce_thumbnail\" alt=\"ver de l&#039;humus\" srcset=\"https:\/\/cultivers.es\/wp-content\/uploads\/2021\/10\/BOLSA.3L-humus-300x300.jpg 300w, https:\/\/cultivers.es\/wp-content\/uploads\/2021\/10\/BOLSA.3L-humus-100x100.jpg 100w\" sizes=\"(max-width: 300px) 100vw, 300px\" title=\"\"><\/div>\n\t\t\t\t\t<div class=\"wc-block-grid__product-title\">Humus de vers de terre<\/div>\n\t\t\t\t<\/a>\n\t\t\t\t<div class=\"wc-block-grid__product-price price\"><span class=\"woocommerce-Price-amount amount\" aria-hidden=\"true\">8.99<span class=\"woocommerce-Price-currencySymbol\">&euro;<\/span><\/span> <span aria-hidden=\"true\">\u00a0\u2013\u00a0<\/span> <span class=\"woocommerce-Price-amount amount\" aria-hidden=\"true\">19.90<span class=\"woocommerce-Price-currencySymbol\">&euro;<\/span><\/span><span class=\"screen-reader-text\">Plage de prix\u00a0: 8.99&euro; \u00e0 19.90&euro;<\/span><\/div>\n\t\t\t\t\n\t\t\t\t<div class=\"wp-block-button wc-block-grid__product-add-to-cart\"><a href=\"https:\/\/cultivers.es\/fr\/abonnements\/ver-de-terre-humus\/\" aria-label=\"S\u00e9lectionner les options pour &ldquo;Humus de vers de terre&rdquo;\" data-quantity=\"1\" data-product_id=\"18492\" data-product_sku=\"C100ASHL\" data-price=\"8.99\" rel=\"nofollow\" class=\"wp-block-button__link  add_to_cart_button\">Choix des options<\/a><\/div>\n\t\t\t<\/li><li class=\"wc-block-grid__product\">\n\t\t\t\t<a href=\"https:\/\/cultivers.es\/fr\/abonnements\/mousse-de-miel-pour-les-plantes\/\" class=\"wc-block-grid__product-link\">\n\t\t\t\t\t\n\t\t\t\t\t<div class=\"wc-block-grid__product-image\"><img decoding=\"async\" width=\"300\" height=\"300\" src=\"https:\/\/cultivers.es\/wp-content\/uploads\/2021\/10\/agro-melaza-cultivers-300x300.jpg\" class=\"attachment-woocommerce_thumbnail size-woocommerce_thumbnail\" alt=\"Agro Melaza de ca\u00f1a para plantas Cultivers, botella de 1 litro, bioestimulante l\u00edquido ecol\u00f3gico con amino\u00e1cidos y materia org\u00e1nica\" srcset=\"https:\/\/cultivers.es\/wp-content\/uploads\/2021\/10\/agro-melaza-cultivers-300x300.jpg 300w, https:\/\/cultivers.es\/wp-content\/uploads\/2021\/10\/agro-melaza-cultivers-150x150.jpg 150w, https:\/\/cultivers.es\/wp-content\/uploads\/2021\/10\/agro-melaza-cultivers-100x100.jpg 100w, https:\/\/cultivers.es\/wp-content\/uploads\/2021\/10\/agro-melaza-cultivers-50x50.jpg 50w\" sizes=\"(max-width: 300px) 100vw, 300px\" title=\"\"><\/div>\n\t\t\t\t\t<div class=\"wc-block-grid__product-title\">M\u00e9lasse de canne \u00e0 sucre pour plantes<\/div>\n\t\t\t\t<\/a>\n\t\t\t\t<div class=\"wc-block-grid__product-price price\"><span class=\"woocommerce-Price-amount amount\" aria-hidden=\"true\">15.90<span class=\"woocommerce-Price-currencySymbol\">&euro;<\/span><\/span> <span aria-hidden=\"true\">\u00a0\u2013\u00a0<\/span> <span class=\"woocommerce-Price-amount amount\" aria-hidden=\"true\">69.99<span class=\"woocommerce-Price-currencySymbol\">&euro;<\/span><\/span><span class=\"screen-reader-text\">Plage de prix\u00a0: 15.90&euro; \u00e0 69.99&euro;<\/span><\/div>\n\t\t\t\t\n\t\t\t\t<div class=\"wp-block-button wc-block-grid__product-add-to-cart\"><a href=\"https:\/\/cultivers.es\/fr\/abonnements\/mousse-de-miel-pour-les-plantes\/\" aria-label=\"S\u00e9lectionner les options pour &ldquo;M\u00e9lasse de canne \u00e0 sucre pour plantes&rdquo;\" data-quantity=\"1\" data-product_id=\"18429\" data-product_sku=\"C200ALMP\" data-price=\"15.9\" rel=\"nofollow\" class=\"wp-block-button__link  add_to_cart_button\">Choix des options<\/a><\/div>\n\t\t\t<\/li><\/ul><\/div>\n<hr class=\"wp-block-separator has-alpha-channel-opacity\"\/>\n\n<h2 class=\"wp-block-heading alignwide\">Note d&rsquo;information : Engrais en vrac pour les professionnels et les petits agriculteurs<\/h2>\n\n<p class=\"has-text-align-center\">Si vous \u00eates un professionnel de l&rsquo;agriculture ou un petit agriculteur int\u00e9ress\u00e9 par des engrais en vrac pour am\u00e9liorer votre jardin pendant l&rsquo;hiver, n&rsquo;h\u00e9sitez pas \u00e0 nous contacter \u00e0 l&rsquo;adresse tecnico@cultivers.es. Nous nous ferons un plaisir de vous conseiller et de vous proposer des solutions adapt\u00e9es \u00e0 vos besoins.<\/p>\n","protected":false},"excerpt":{"rendered":"<p>L&rsquo;hiver peut sembler \u00eatre une p\u00e9riode de repos pour le jardin, mais en r\u00e9alit\u00e9, il offre de nombreuses possibilit\u00e9s de profiter du jardin et d&rsquo;y travailler. Avec les bons soins et les bonnes cultures, vous pouvez maintenir un jardin productif et pr\u00e9parer le sol pour la saison suivante. Dans ce guide, nous vous expliquons comment [&hellip;]<\/p>\n","protected":false},"author":2,"featured_media":0,"comment_status":"open","ping_status":"closed","sticky":false,"template":"","format":"standard","meta":{"_acf_changed":false,"footnotes":""},"categories":[270],"tags":[],"class_list":["post-40032","post","type-post","status-publish","format-standard","hentry","category-non-classifiee"],"acf":[],"_links":{"self":[{"href":"https:\/\/cultivers.es\/fr\/wp-json\/wp\/v2\/posts\/40032","targetHints":{"allow":["GET"]}}],"collection":[{"href":"https:\/\/cultivers.es\/fr\/wp-json\/wp\/v2\/posts"}],"about":[{"href":"https:\/\/cultivers.es\/fr\/wp-json\/wp\/v2\/types\/post"}],"author":[{"embeddable":true,"href":"https:\/\/cultivers.es\/fr\/wp-json\/wp\/v2\/users\/2"}],"replies":[{"embeddable":true,"href":"https:\/\/cultivers.es\/fr\/wp-json\/wp\/v2\/comments?post=40032"}],"version-history":[{"count":0,"href":"https:\/\/cultivers.es\/fr\/wp-json\/wp\/v2\/posts\/40032\/revisions"}],"wp:attachment":[{"href":"https:\/\/cultivers.es\/fr\/wp-json\/wp\/v2\/media?parent=40032"}],"wp:term":[{"taxonomy":"category","embeddable":true,"href":"https:\/\/cultivers.es\/fr\/wp-json\/wp\/v2\/categories?post=40032"},{"taxonomy":"post_tag","embeddable":true,"href":"https:\/\/cultivers.es\/fr\/wp-json\/wp\/v2\/tags?post=40032"}],"curies":[{"name":"wp","href":"https:\/\/api.w.org\/{rel}","templated":true}]}}