{"id":40950,"date":"2024-12-11T00:00:00","date_gmt":"2024-12-11T00:00:00","guid":{"rendered":"https:\/\/cultivers.es\/laura-seva-aimer-et-soigner-les-plantes-succulentes\/"},"modified":"2024-12-11T00:01:05","modified_gmt":"2024-12-11T00:01:05","slug":"laura-seva-aimer-et-soigner-les-plantes-succulentes","status":"publish","type":"post","link":"https:\/\/cultivers.es\/fr\/blog\/laura-seva-aimer-et-soigner-les-plantes-succulentes\/","title":{"rendered":"Laura Seva : Aimer et soigner les plantes succulentes"},"content":{"rendered":"\n<p>Laura Seva est passionn\u00e9e par le monde des plantes, en particulier les succulentes, qu&rsquo;elle cultive depuis des ann\u00e9es dans son petit jardin. En outre, sur son profil Instagram, @succulent_planet20, elle propose des conseils pratiques, des tutoriels et beaucoup d&rsquo;inspiration pour que chacun puisse cr\u00e9er son propre oasis de verdure. Laura a appris tous les secrets de ces esp\u00e8ces fascinantes et nous lui avons demand\u00e9 de partager avec nous certaines de ses connaissances et de ses secrets.  <\/p>\n<div class=\"wp-block-image\">\n<figure class=\"aligncenter size-large is-resized\"><img decoding=\"async\" width=\"970\" height=\"1024\" src=\"https:\/\/cultivers.es\/wp-content\/uploads\/2024\/12\/Laura_Laura-Hotrod-scaled-2-970x1024.jpg\" alt=\"\" class=\"wp-image-40789\" style=\"object-fit:cover;width:600px;height:600px\" title=\"\" srcset=\"https:\/\/cultivers.es\/wp-content\/uploads\/2024\/12\/Laura_Laura-Hotrod-scaled-2-970x1024.jpg 970w, https:\/\/cultivers.es\/wp-content\/uploads\/2024\/12\/Laura_Laura-Hotrod-scaled-2-600x634.jpg 600w, https:\/\/cultivers.es\/wp-content\/uploads\/2024\/12\/Laura_Laura-Hotrod-scaled-2-284x300.jpg 284w, https:\/\/cultivers.es\/wp-content\/uploads\/2024\/12\/Laura_Laura-Hotrod-scaled-2-768x811.jpg 768w, https:\/\/cultivers.es\/wp-content\/uploads\/2024\/12\/Laura_Laura-Hotrod-scaled-2-1454x1536.jpg 1454w, https:\/\/cultivers.es\/wp-content\/uploads\/2024\/12\/Laura_Laura-Hotrod-scaled-2-1939x2048.jpg 1939w, https:\/\/cultivers.es\/wp-content\/uploads\/2024\/12\/Laura_Laura-Hotrod-scaled-2-1080x1141.jpg 1080w, https:\/\/cultivers.es\/wp-content\/uploads\/2024\/12\/Laura_Laura-Hotrod-scaled-2-1280x1352.jpg 1280w, https:\/\/cultivers.es\/wp-content\/uploads\/2024\/12\/Laura_Laura-Hotrod-scaled-2-980x1035.jpg 980w, https:\/\/cultivers.es\/wp-content\/uploads\/2024\/12\/Laura_Laura-Hotrod-scaled-2-480x507.jpg 480w\" sizes=\"(max-width: 970px) 100vw, 970px\" \/><\/figure>\n<\/div>\n<h2 class=\"wp-block-heading\">Comment et quand est n\u00e9e votre passion pour les soins aux plantes ?<\/h2>\n\n<p>Je me suis toujours consid\u00e9r\u00e9e comme une \u00ab\u00a0tueuse de plantes\u00a0\u00bb, une de ces personnes qui, sans savoir comment, parvenait \u00e0 emp\u00eacher tout ce qui \u00e9tait vert dans la maison de survivre. Je n&rsquo;avais jamais pr\u00eat\u00e9 attention aux cactus et aux plantes grasses, jusqu&rsquo;au jour o\u00f9, accompagnant ma belle-m\u00e8re \u00e0 la p\u00e9pini\u00e8re, je suis tomb\u00e9e sur le rayon des plantes grasses et j&rsquo;ai \u00e9t\u00e9 stup\u00e9faite par les couleurs et les formes particuli\u00e8res ! J&rsquo;ai eu un coup de foudre imm\u00e9diat et j&rsquo;ai d\u00e9cid\u00e9 d&rsquo;en ramener quelques unes chez moi. Je me souviens que j&rsquo;ai achet\u00e9 trois greffons sans le savoir, un Echeveria et un Pleiospilos, qui, incroyablement, vit avec moi depuis 6 ans. Voyant que, dans mes mains, de telles plantes non seulement survivaient, mais s&rsquo;\u00e9panouissaient, j&rsquo;ai commenc\u00e9 \u00e0 les collectionner. Pendant l&rsquo;enfermement, alors que nous cherchions tous de nouvelles fa\u00e7ons de nous connecter, j&rsquo;ai \u00e9t\u00e9 encourag\u00e9e \u00e0 partager sur Instagram ce que je faisais avec elles : les transplanter, en prendre soin&#8230;.. Bien qu&rsquo;\u00e0 l&rsquo;\u00e9poque, @succulent_planet20 n&rsquo;existait pas encore, je l&rsquo;ai fait \u00e0 partir de mon profil personnel.         <\/p>\n\n<h2 class=\"wp-block-heading\">Et quand avez-vous commenc\u00e9 \u00e0 partager des informations sur les m\u00e9dias sociaux ?<\/h2>\n\n<p>Pendant l&rsquo;enfermement, j&rsquo;ai commenc\u00e9 \u00e0 montrer sur Instagram comment je prenais soin de mes plantes depuis mon profil personnel. \u00c0 ma grande surprise, mes followers ont ador\u00e9 ce que je partageais, et je recevais de plus en plus de questions sur les soins, la transplantation et les astuces pour succulentes. C&rsquo;est alors que j&rsquo;ai r\u00e9alis\u00e9 qu&rsquo;il existait une communaut\u00e9 int\u00e9ress\u00e9e par ce que je faisais. Un jour, en mai 2020, je me suis r\u00e9veill\u00e9 avec une id\u00e9e claire - peut-\u00eatre l&rsquo;ai-je r\u00eav\u00e9e, qui sait - mais j&rsquo;ai ouvert un nouveau profil et, presque comme par magie, le nom Succulent_planet20 est apparu dans mon esprit. C&rsquo;est ainsi que tout a commenc\u00e9, et depuis lors, je n&rsquo;ai pas cess\u00e9 de partager ma passion pour les plantes grasses avec la communaut\u00e9.    <\/p>\n<div class=\"wp-block-image\">\n<figure class=\"aligncenter size-large is-resized\"><img decoding=\"async\" width=\"768\" height=\"1024\" src=\"https:\/\/cultivers.es\/wp-content\/uploads\/2024\/12\/20240817_083833-768x1024.jpg\" alt=\"\" class=\"wp-image-40753\" style=\"object-fit:cover;width:600px;height:600px\" title=\"\" srcset=\"https:\/\/cultivers.es\/wp-content\/uploads\/2024\/12\/20240817_083833-768x1024.jpg 768w, https:\/\/cultivers.es\/wp-content\/uploads\/2024\/12\/20240817_083833-scaled-600x800.jpg 600w, https:\/\/cultivers.es\/wp-content\/uploads\/2024\/12\/20240817_083833-225x300.jpg 225w, https:\/\/cultivers.es\/wp-content\/uploads\/2024\/12\/20240817_083833-1152x1536.jpg 1152w, https:\/\/cultivers.es\/wp-content\/uploads\/2024\/12\/20240817_083833-1536x2048.jpg 1536w, https:\/\/cultivers.es\/wp-content\/uploads\/2024\/12\/20240817_083833-1080x1440.jpg 1080w, https:\/\/cultivers.es\/wp-content\/uploads\/2024\/12\/20240817_083833-1280x1707.jpg 1280w, https:\/\/cultivers.es\/wp-content\/uploads\/2024\/12\/20240817_083833-980x1307.jpg 980w, https:\/\/cultivers.es\/wp-content\/uploads\/2024\/12\/20240817_083833-480x640.jpg 480w, https:\/\/cultivers.es\/wp-content\/uploads\/2024\/12\/20240817_083833-scaled.jpg 1920w\" sizes=\"(max-width: 768px) 100vw, 768px\" \/><\/figure>\n<\/div>\n<h2 class=\"wp-block-heading\">De toutes les succulentes, laquelle est votre pr\u00e9f\u00e9r\u00e9e ?<\/h2>\n\n<p>J&rsquo;ai un faible pour les Echeverias. La vari\u00e9t\u00e9 des couleurs et des formes qu&rsquo;ils pr\u00e9sentent, ainsi que leurs rosettes parfaitement g\u00e9om\u00e9triques, me fascinent vraiment. Chacune a son propre charme et son propre caract\u00e8re, et je suis toujours \u00e9tonn\u00e9e de voir \u00e0 quel point ces plantes peuvent \u00eatre polyvalentes. Mais j&rsquo;ai aussi une grande admiration pour les Aizoaceae. Leur apparence et leur capacit\u00e9 \u00e0 s&rsquo;adapter \u00e0 des conditions extr\u00eames font de chaque esp\u00e8ce un petit miracle de la nature. Tant les Echeverias que les Aizoaceae ont une place sp\u00e9ciale dans mon c\u0153ur et dans ma collection.     <\/p>\n\n<h2 class=\"wp-block-heading\">Donnez-nous quelques conseils que vous consid\u00e9rez comme essentiels.<\/h2>\n\n<p>Mon principal conseil est l&rsquo;observation. En pr\u00eatant attention \u00e0 nos plantes succulentes et en observant comment elles r\u00e9agissent \u00e0 leur environnement, nous pouvons apprendre \u00e0 comprendre leur \u00ab\u00a0langage\u00a0\u00bb et leurs besoins \u00e0 tout moment. Cette attention aux d\u00e9tails nous permettra de les garder heureuses et en bonne sant\u00e9, ce qui se refl\u00e9tera dans leurs couleurs vives et leur croissance. L&rsquo;essentiel est d&rsquo;\u00e9couter ce que les plantes nous disent \u00e0 travers leurs signaux, car cela nous aidera \u00e0 leur apporter les soins optimaux dont elles ont besoin.   <\/p>\n<div class=\"wp-block-image\">\n<figure class=\"aligncenter size-large is-resized\"><img decoding=\"async\" width=\"768\" height=\"1024\" src=\"https:\/\/cultivers.es\/wp-content\/uploads\/2024\/12\/20240817_083920-768x1024.jpg\" alt=\"\" class=\"wp-image-40776\" style=\"object-fit:cover;width:600px;height:600px\" title=\"\" srcset=\"https:\/\/cultivers.es\/wp-content\/uploads\/2024\/12\/20240817_083920-768x1024.jpg 768w, https:\/\/cultivers.es\/wp-content\/uploads\/2024\/12\/20240817_083920-scaled-600x800.jpg 600w, https:\/\/cultivers.es\/wp-content\/uploads\/2024\/12\/20240817_083920-225x300.jpg 225w, https:\/\/cultivers.es\/wp-content\/uploads\/2024\/12\/20240817_083920-1152x1536.jpg 1152w, https:\/\/cultivers.es\/wp-content\/uploads\/2024\/12\/20240817_083920-1536x2048.jpg 1536w, https:\/\/cultivers.es\/wp-content\/uploads\/2024\/12\/20240817_083920-1080x1440.jpg 1080w, https:\/\/cultivers.es\/wp-content\/uploads\/2024\/12\/20240817_083920-1280x1707.jpg 1280w, https:\/\/cultivers.es\/wp-content\/uploads\/2024\/12\/20240817_083920-980x1307.jpg 980w, https:\/\/cultivers.es\/wp-content\/uploads\/2024\/12\/20240817_083920-480x640.jpg 480w, https:\/\/cultivers.es\/wp-content\/uploads\/2024\/12\/20240817_083920-scaled.jpg 1920w\" sizes=\"(max-width: 768px) 100vw, 768px\" \/><\/figure>\n<\/div>\n<h2 class=\"wp-block-heading has-text-align-center\">Une lecture essentielle :<\/h2>\n\n<p>Depuis de nombreuses ann\u00e9es, ma r\u00e9f\u00e9rence est Mercedes Garc\u00eda Bravo. Sa passion pour les cactus, les aizoac\u00e9es et autres plantes succulentes, ainsi que sa fa\u00e7on d&rsquo;expliquer leurs soins et leurs besoins, ont \u00e9t\u00e9 une grande source d&rsquo;inspiration pour moi. Sa capacit\u00e9 \u00e0 enseigner comment ces plantes fonctionnent \u00e0 l&rsquo;int\u00e9rieur est vraiment fascinante. J&rsquo;ai eu la chance d&rsquo;\u00eatre en contact avec elle, bien que nous n&rsquo;ayons pas encore eu le plaisir de nous rencontrer en personne. En outre, elle m&rsquo;a offert son livre Cactus with Heart, que je recommande \u00e0 100 % \u00e0 tous les amateurs de succulentes. Son approche et ses connaissances sont inestimables pour quiconque souhaite approfondir le monde des plantes.     <\/p>\n\n<p>Un cactus qui a du c\u0153ur. Bien plus que des \u00e9pines <\/p>\n\n<p><strong>\u00c9diteur :<\/strong> La esfera de los libros, s.L.<\/p>\n\n<p><strong>Auteur : <\/strong>Mercedes Garc\u00eda Bravo<\/p>\n<div class=\"wp-block-image\">\n<figure class=\"aligncenter size-large is-resized\"><img decoding=\"async\" width=\"683\" height=\"1024\" src=\"https:\/\/cultivers.es\/wp-content\/uploads\/2024\/12\/libro-683x1024.jpg\" alt=\"\" class=\"wp-image-40747\" style=\"width:300px\" title=\"\" srcset=\"https:\/\/cultivers.es\/wp-content\/uploads\/2024\/12\/libro-683x1024.jpg 683w, https:\/\/cultivers.es\/wp-content\/uploads\/2024\/12\/libro-600x900.jpg 600w, https:\/\/cultivers.es\/wp-content\/uploads\/2024\/12\/libro-200x300.jpg 200w, https:\/\/cultivers.es\/wp-content\/uploads\/2024\/12\/libro-768x1152.jpg 768w, https:\/\/cultivers.es\/wp-content\/uploads\/2024\/12\/libro-980x1470.jpg 980w, https:\/\/cultivers.es\/wp-content\/uploads\/2024\/12\/libro-480x720.jpg 480w, https:\/\/cultivers.es\/wp-content\/uploads\/2024\/12\/libro.jpg 1000w\" sizes=\"(max-width: 683px) 100vw, 683px\" \/><\/figure>\n<\/div>","protected":false},"excerpt":{"rendered":"<p>Laura Seva est passionn\u00e9e par le monde des plantes, en particulier les succulentes, qu&rsquo;elle cultive depuis des ann\u00e9es dans son petit jardin. En outre, sur son profil Instagram, @succulent_planet20, elle propose des conseils pratiques, des tutoriels et beaucoup d&rsquo;inspiration pour que chacun puisse cr\u00e9er son propre oasis de verdure. Laura a appris tous les secrets [&hellip;]<\/p>\n","protected":false},"author":2,"featured_media":0,"comment_status":"open","ping_status":"closed","sticky":false,"template":"","format":"standard","meta":{"_acf_changed":false,"footnotes":""},"categories":[938],"tags":[],"class_list":["post-40950","post","type-post","status-publish","format-standard","hentry","category-histoires-deco-jardins-et-de-potagers"],"acf":[],"_links":{"self":[{"href":"https:\/\/cultivers.es\/fr\/wp-json\/wp\/v2\/posts\/40950","targetHints":{"allow":["GET"]}}],"collection":[{"href":"https:\/\/cultivers.es\/fr\/wp-json\/wp\/v2\/posts"}],"about":[{"href":"https:\/\/cultivers.es\/fr\/wp-json\/wp\/v2\/types\/post"}],"author":[{"embeddable":true,"href":"https:\/\/cultivers.es\/fr\/wp-json\/wp\/v2\/users\/2"}],"replies":[{"embeddable":true,"href":"https:\/\/cultivers.es\/fr\/wp-json\/wp\/v2\/comments?post=40950"}],"version-history":[{"count":0,"href":"https:\/\/cultivers.es\/fr\/wp-json\/wp\/v2\/posts\/40950\/revisions"}],"wp:attachment":[{"href":"https:\/\/cultivers.es\/fr\/wp-json\/wp\/v2\/media?parent=40950"}],"wp:term":[{"taxonomy":"category","embeddable":true,"href":"https:\/\/cultivers.es\/fr\/wp-json\/wp\/v2\/categories?post=40950"},{"taxonomy":"post_tag","embeddable":true,"href":"https:\/\/cultivers.es\/fr\/wp-json\/wp\/v2\/tags?post=40950"}],"curies":[{"name":"wp","href":"https:\/\/api.w.org\/{rel}","templated":true}]}}