{"id":21233,"date":"2022-06-01T12:31:18","date_gmt":"2022-06-01T12:31:18","guid":{"rendered":"https:\/\/cultivers.es\/calendario-delle-semine-di-giugno\/"},"modified":"2025-09-22T04:43:28","modified_gmt":"2025-09-22T04:43:28","slug":"calendario-delle-semine-di-giugno","status":"publish","type":"post","link":"https:\/\/cultivers.es\/it\/blog\/calendario-delle-semine-di-giugno\/","title":{"rendered":"Calendario delle semine di giugno"},"content":{"rendered":"\n<p class=\"has-black-color has-text-color\"><strong>Calendario delle semine di giugno<\/strong>, questo mese \u00e8 un mese in cui l&#8217;orto entra pienamente in produzione ed \u00e8 la data in cui le piante che mettiamo cresceranno molto velocemente. Quindi \u00e8 ideale per poter fare una seconda semina di pomodori, melanzane, ecc&#8230;  <\/p>\n\n<p>Oltre a molte altre cose che possono essere coltivate senza problemi, \u00e8 il momento di iniziare a preparare i semenzai di alcune colture come le brassicacee.<\/p>\n\n<p>Quindi, se non volete perdervi le informazioni su cosa seminare e piantare questo giugno, assicuratevi di dare un&#8217;occhiata a questa pubblicazione.<\/p>\n<div class=\"wp-block-image is-style-rounded\">\n<figure class=\"alignright size-full is-resized\"><img decoding=\"async\" width=\"1000\" height=\"1000\" src=\"https:\/\/cultivers.es\/wp-content\/uploads\/2022\/03\/acelga-arcoiris.jpg\" alt=\"\" class=\"wp-image-3961\" style=\"width:157px\" title=\"\" srcset=\"https:\/\/cultivers.es\/wp-content\/uploads\/2022\/03\/acelga-arcoiris.jpg 1000w, https:\/\/cultivers.es\/wp-content\/uploads\/2022\/03\/acelga-arcoiris-300x300.jpg 300w, https:\/\/cultivers.es\/wp-content\/uploads\/2022\/03\/acelga-arcoiris-100x100.jpg 100w, https:\/\/cultivers.es\/wp-content\/uploads\/2022\/03\/acelga-arcoiris-600x600.jpg 600w, https:\/\/cultivers.es\/wp-content\/uploads\/2022\/03\/acelga-arcoiris-150x150.jpg 150w, https:\/\/cultivers.es\/wp-content\/uploads\/2022\/03\/acelga-arcoiris-768x768.jpg 768w, https:\/\/cultivers.es\/wp-content\/uploads\/2022\/03\/acelga-arcoiris-980x980.jpg 980w, https:\/\/cultivers.es\/wp-content\/uploads\/2022\/03\/acelga-arcoiris-480x480.jpg 480w\" sizes=\"(max-width: 1000px) 100vw, 1000px\" \/><\/figure>\n<\/div>\n<p class=\"has-vivid-green-cyan-color has-text-color has-medium-font-size\"><strong>Bietola<\/strong><\/p>\n\n<ul class=\"wp-block-list\">\n<li>Germinazione in 7-15 giorni<\/li>\n\n\n\n<li>Raccolta delle foglie scaglionata secondo le necessit\u00e0<\/li>\n\n\n\n<li>Irrigazione leggera e frequente<\/li>\n\n\n\n<li>Contenitore: 15 litri<\/li>\n<\/ul>\n\n<p class=\"has-vivid-green-cyan-color has-text-color has-medium-font-size\"><strong>Sedano<\/strong><\/p>\n<div class=\"wp-block-image is-style-rounded\">\n<figure class=\"alignright size-large is-resized\"><img decoding=\"async\" width=\"1024\" height=\"709\" src=\"https:\/\/cultivers.es\/wp-content\/uploads\/2022\/03\/1366_2000-1024x709.jpg\" alt=\"\" class=\"wp-image-3960\" style=\"width:157px\" title=\"\" srcset=\"https:\/\/cultivers.es\/wp-content\/uploads\/2022\/03\/1366_2000-1024x709.jpg 1024w, https:\/\/cultivers.es\/wp-content\/uploads\/2022\/03\/1366_2000-600x416.jpg 600w, https:\/\/cultivers.es\/wp-content\/uploads\/2022\/03\/1366_2000-300x208.jpg 300w, https:\/\/cultivers.es\/wp-content\/uploads\/2022\/03\/1366_2000-768x532.jpg 768w, https:\/\/cultivers.es\/wp-content\/uploads\/2022\/03\/1366_2000-1080x748.jpg 1080w, https:\/\/cultivers.es\/wp-content\/uploads\/2022\/03\/1366_2000-1280x886.jpg 1280w, https:\/\/cultivers.es\/wp-content\/uploads\/2022\/03\/1366_2000-980x679.jpg 980w, https:\/\/cultivers.es\/wp-content\/uploads\/2022\/03\/1366_2000-480x332.jpg 480w, https:\/\/cultivers.es\/wp-content\/uploads\/2022\/03\/1366_2000.jpg 1366w\" sizes=\"(max-width: 1024px) 100vw, 1024px\" \/><\/figure>\n<\/div>\n<ul class=\"wp-block-list\">\n<li>Trapianto a 10-15 cm<\/li>\n\n\n\n<li>Germinazione in 15_20 giorni<\/li>\n\n\n\n<li>Raccolta in 8-10 mesi<\/li>\n\n\n\n<li>Gli piace il sole<\/li>\n\n\n\n<li>Contenitore: 10 litri<\/li>\n<\/ul>\n\n<p class=\"has-vivid-green-cyan-color has-text-color has-medium-font-size\"><strong>Melanzana<\/strong><\/p>\n<div class=\"wp-block-image is-style-rounded\">\n<figure class=\"alignright size-full is-resized\"><img decoding=\"async\" width=\"600\" height=\"398\" src=\"https:\/\/cultivers.es\/wp-content\/uploads\/2021\/12\/depositphotos_347102386-stock-photo-cuts-eggplant-white-background-varieties.jpg\" alt=\"\" class=\"wp-image-2256\" style=\"width:157px;height:117px\" title=\"\" srcset=\"https:\/\/cultivers.es\/wp-content\/uploads\/2021\/12\/depositphotos_347102386-stock-photo-cuts-eggplant-white-background-varieties.jpg 600w, https:\/\/cultivers.es\/wp-content\/uploads\/2021\/12\/depositphotos_347102386-stock-photo-cuts-eggplant-white-background-varieties-300x199.jpg 300w, https:\/\/cultivers.es\/wp-content\/uploads\/2021\/12\/depositphotos_347102386-stock-photo-cuts-eggplant-white-background-varieties-480x318.jpg 480w\" sizes=\"(max-width: 600px) 100vw, 600px\" \/><\/figure>\n<\/div>\n<ul class=\"wp-block-list\">\n<li>Semina in semenzaio a letto caldo o in serra<\/li>\n\n\n\n<li>Trapianto a 10-15 cm<\/li>\n\n\n\n<li>Germinazione in 7-15 giorni<\/li>\n\n\n\n<li>Raccolta in 4-6 mesi<\/li>\n\n\n\n<li>Annaffiature leggere e frequenti, mantenere l&#8217;umidit\u00e0.<\/li>\n\n\n\n<li>Necessita di una forte esposizione al sole<\/li>\n\n\n\n<li>Contenitore: 15 litri<\/li>\n<\/ul>\n\n<p class=\"has-vivid-green-cyan-color has-text-color has-medium-font-size\"><strong>Zucca<\/strong><\/p>\n<div class=\"wp-block-image is-style-rounded\">\n<figure class=\"alignright size-full is-resized\"><img decoding=\"async\" width=\"800\" height=\"800\" src=\"https:\/\/cultivers.es\/wp-content\/uploads\/2024\/09\/abobora-futsu-black.jpg\" alt=\"Semi\" class=\"wp-image-33923\" style=\"width:130px;height:117px\" title=\"\" srcset=\"https:\/\/cultivers.es\/wp-content\/uploads\/2024\/09\/abobora-futsu-black.jpg 800w, https:\/\/cultivers.es\/wp-content\/uploads\/2024\/09\/abobora-futsu-black-300x300.jpg 300w, https:\/\/cultivers.es\/wp-content\/uploads\/2024\/09\/abobora-futsu-black-100x100.jpg 100w, https:\/\/cultivers.es\/wp-content\/uploads\/2024\/09\/abobora-futsu-black-600x600.jpg 600w, https:\/\/cultivers.es\/wp-content\/uploads\/2024\/09\/abobora-futsu-black-150x150.jpg 150w, https:\/\/cultivers.es\/wp-content\/uploads\/2024\/09\/abobora-futsu-black-768x768.jpg 768w, https:\/\/cultivers.es\/wp-content\/uploads\/2024\/09\/abobora-futsu-black-480x480.jpg 480w, https:\/\/cultivers.es\/wp-content\/uploads\/2024\/09\/abobora-futsu-black-50x50.jpg 50w\" sizes=\"(max-width: 800px) 100vw, 800px\" \/><\/figure>\n<\/div>\n<ul class=\"wp-block-list\">\n<li>Germinazione 5-15 giorni<\/li>\n\n\n\n<li>La semina diretta pu\u00f2 essere effettuata<\/li>\n\n\n\n<li>Raccolta in 4-5 mesi a seconda delle variet\u00e0<\/li>\n\n\n\n<li>Irrigazione leggera e frequente<\/li>\n\n\n\n<li>Contenitore minimo 20 litri<\/li>\n<\/ul>\n\n<p class=\"has-vivid-green-cyan-color has-text-color has-medium-font-size\"><strong>Zucchina<\/strong><\/p>\n<div class=\"wp-block-image is-style-rounded\">\n<figure class=\"alignright size-full is-resized\"><img decoding=\"async\" width=\"542\" height=\"375\" src=\"https:\/\/cultivers.es\/wp-content\/uploads\/2022\/01\/585ea830cb11b227491c3544.png\" alt=\"\" class=\"wp-image-3547\" style=\"width:157px;height:117px\" title=\"\" srcset=\"https:\/\/cultivers.es\/wp-content\/uploads\/2022\/01\/585ea830cb11b227491c3544.png 542w, https:\/\/cultivers.es\/wp-content\/uploads\/2022\/01\/585ea830cb11b227491c3544-300x208.png 300w, https:\/\/cultivers.es\/wp-content\/uploads\/2022\/01\/585ea830cb11b227491c3544-480x332.png 480w\" sizes=\"(max-width: 542px) 100vw, 542px\" \/><\/figure>\n<\/div>\n<ul class=\"wp-block-list\">\n<li>Semina diretta o trapianto del letto di semina<\/li>\n\n\n\n<li>Germinazione in 5-15 giorni, raccolta in 2-4 mesi<\/li>\n\n\n\n<li>Trapianto a partire dalla 4\u00aa foglia vera<\/li>\n\n\n\n<li>Raccolta a partire da 10 settimane  <\/li>\n\n\n\n<li>Annaffiature leggere e frequenti, mantenere l&#8217;umidit\u00e0.<\/li>\n\n\n\n<li>Contenitore minimo 22 litri<\/li>\n<\/ul>\n\n<p class=\"has-vivid-green-cyan-color has-text-color has-medium-font-size\"><strong>Cavoletti di Bruxelles<\/strong><\/p>\n<div class=\"wp-block-image is-style-rounded\">\n<figure class=\"alignright size-full is-resized\"><img decoding=\"async\" width=\"805\" height=\"377\" src=\"https:\/\/cultivers.es\/wp-content\/uploads\/2022\/04\/coles-de-bruselas-2.jpg\" alt=\"\" class=\"wp-image-4357\" style=\"width:157px;height:110px\" title=\"\" srcset=\"https:\/\/cultivers.es\/wp-content\/uploads\/2022\/04\/coles-de-bruselas-2.jpg 805w, https:\/\/cultivers.es\/wp-content\/uploads\/2022\/04\/coles-de-bruselas-2-600x281.jpg 600w, https:\/\/cultivers.es\/wp-content\/uploads\/2022\/04\/coles-de-bruselas-2-300x140.jpg 300w, https:\/\/cultivers.es\/wp-content\/uploads\/2022\/04\/coles-de-bruselas-2-768x360.jpg 768w, https:\/\/cultivers.es\/wp-content\/uploads\/2022\/04\/coles-de-bruselas-2-480x225.jpg 480w\" sizes=\"(max-width: 805px) 100vw, 805px\" \/><\/figure>\n<\/div>\n<ul class=\"wp-block-list\">\n<li>Semina diretta o in semenzaio<\/li>\n\n\n\n<li>Trapianto con 3 o 4 foglie vere<\/li>\n\n\n\n<li>Germinazione in 5-10 giorni<\/li>\n\n\n\n<li>Raccolta in 5-6 mesi<\/li>\n\n\n\n<li>Annaffiature leggere e frequenti, mantenere l&#8217;umidit\u00e0.<\/li>\n\n\n\n<li>Vaso da 20 litri<\/li>\n<\/ul>\n\n<p class=\"has-vivid-green-cyan-color has-text-color has-medium-font-size\"><strong>Cavolfiore<\/strong><\/p>\n<div class=\"wp-block-image is-style-rounded\">\n<figure class=\"alignright size-full is-resized\"><img decoding=\"async\" width=\"760\" height=\"423\" src=\"https:\/\/cultivers.es\/wp-content\/uploads\/2022\/04\/coliflor-760x423-c-default.jpg\" alt=\"\" class=\"wp-image-4355\" style=\"width:157px\" title=\"\" srcset=\"https:\/\/cultivers.es\/wp-content\/uploads\/2022\/04\/coliflor-760x423-c-default.jpg 760w, https:\/\/cultivers.es\/wp-content\/uploads\/2022\/04\/coliflor-760x423-c-default-600x334.jpg 600w, https:\/\/cultivers.es\/wp-content\/uploads\/2022\/04\/coliflor-760x423-c-default-300x167.jpg 300w, https:\/\/cultivers.es\/wp-content\/uploads\/2022\/04\/coliflor-760x423-c-default-480x267.jpg 480w\" sizes=\"(max-width: 760px) 100vw, 760px\" \/><\/figure>\n<\/div>\n<ul class=\"wp-block-list\">\n<li>Semina diretta o in semenzaio<\/li>\n\n\n\n<li>Trapianto con 3 o 4 foglie vere<\/li>\n\n\n\n<li>Germinazione in 5-10 giorni<\/li>\n\n\n\n<li>Raccolta in 4-6 mesi<\/li>\n\n\n\n<li>Annaffiature leggere e frequenti, mantenere l&#8217;umidit\u00e0.<\/li>\n\n\n\n<li>Vaso da 20 litri<\/li>\n<\/ul>\n\n<p class=\"has-vivid-green-cyan-color has-text-color has-medium-font-size\"><strong>Col<\/strong><\/p>\n<div class=\"wp-block-image\">\n<figure class=\"alignright size-full is-resized\"><img decoding=\"async\" width=\"415\" height=\"281\" src=\"https:\/\/cultivers.es\/wp-content\/uploads\/2022\/04\/repolloverde.jpg\" alt=\"\" class=\"wp-image-4358\" style=\"width:157px\" title=\"\" srcset=\"https:\/\/cultivers.es\/wp-content\/uploads\/2022\/04\/repolloverde.jpg 415w, https:\/\/cultivers.es\/wp-content\/uploads\/2022\/04\/repolloverde-300x203.jpg 300w\" sizes=\"(max-width: 415px) 100vw, 415px\" \/><\/figure>\n<\/div>\n<ul class=\"wp-block-list\">\n<li>Semina diretta o in semenzaio<\/li>\n\n\n\n<li>Trapianto con 3 o 4 foglie vere<\/li>\n\n\n\n<li>Germinazione in 4-9 giorni<\/li>\n\n\n\n<li>Raccolta in 5-7 mesi<\/li>\n\n\n\n<li>Annaffiature leggere e frequenti, mantenere l&#8217;umidit\u00e0.<\/li>\n\n\n\n<li>Vaso da 20 litri<\/li>\n<\/ul>\n\n<p class=\"has-vivid-green-cyan-color has-text-color has-medium-font-size\"><strong>Cavolo rapa<\/strong><\/p>\n<div class=\"wp-block-image is-style-rounded\">\n<figure class=\"alignright size-full is-resized\"><img decoding=\"async\" width=\"400\" height=\"300\" src=\"https:\/\/cultivers.es\/wp-content\/uploads\/2022\/03\/colinabo-morado.jpg\" alt=\"\" class=\"wp-image-3962\" style=\"width:157px\" title=\"\" srcset=\"https:\/\/cultivers.es\/wp-content\/uploads\/2022\/03\/colinabo-morado.jpg 400w, https:\/\/cultivers.es\/wp-content\/uploads\/2022\/03\/colinabo-morado-300x225.jpg 300w\" sizes=\"(max-width: 400px) 100vw, 400px\" \/><\/figure>\n<\/div>\n<ul class=\"wp-block-list\">\n<li>Semina diretta o in semenzaio<\/li>\n\n\n\n<li>Trapianto con 2 o 3 foglie vere<\/li>\n\n\n\n<li>Germinazione in 20-25 giorni<\/li>\n\n\n\n<li>Raccolta in 4-6 mesi<\/li>\n\n\n\n<li>Annaffiature leggere e frequenti, mantenere l&#8217;umidit\u00e0.<\/li>\n\n\n\n<li>Imbarcazione piuttosto profonda<\/li>\n<\/ul>\n\n<p class=\"has-vivid-green-cyan-color has-text-color has-medium-font-size\"><strong>Spinaci<\/strong><\/p>\n<div class=\"wp-block-image is-style-rounded\">\n<figure class=\"alignright size-full is-resized\"><img decoding=\"async\" width=\"626\" height=\"328\" src=\"https:\/\/cultivers.es\/wp-content\/uploads\/2021\/09\/espinaca-fresca-fondo-blanco_29402-426.jpg\" alt=\"\" class=\"wp-image-424\" style=\"width:157px;height:117px\" title=\"\" srcset=\"https:\/\/cultivers.es\/wp-content\/uploads\/2021\/09\/espinaca-fresca-fondo-blanco_29402-426.jpg 626w, https:\/\/cultivers.es\/wp-content\/uploads\/2021\/09\/espinaca-fresca-fondo-blanco_29402-426-600x314.jpg 600w, https:\/\/cultivers.es\/wp-content\/uploads\/2021\/09\/espinaca-fresca-fondo-blanco_29402-426-300x157.jpg 300w, https:\/\/cultivers.es\/wp-content\/uploads\/2021\/09\/espinaca-fresca-fondo-blanco_29402-426-480x252.jpg 480w\" sizes=\"(max-width: 626px) 100vw, 626px\" \/><\/figure>\n<\/div>\n<ul class=\"wp-block-list\">\n<li>Semina diretta dei semi, senza trapianto<\/li>\n\n\n\n<li>Risciacquare quando le piante sono lunghe circa 12 cm.<\/li>\n\n\n\n<li>Germinazione in 10-12 giorni<\/li>\n\n\n\n<li>Raccolta in 3-4 mesi<\/li>\n\n\n\n<li>Annaffiature leggere e frequenti, mantenere l&#8217;umidit\u00e0.<\/li>\n\n\n\n<li>Contenitore: 3 litri<\/li>\n<\/ul>\n\n<p class=\"has-vivid-green-cyan-color has-text-color has-medium-font-size\"><strong>Fragole<\/strong><\/p>\n<div class=\"wp-block-image is-style-rounded\">\n<figure class=\"alignright size-large is-resized\"><img decoding=\"async\" width=\"1024\" height=\"991\" src=\"https:\/\/cultivers.es\/wp-content\/uploads\/2022\/01\/580b57fcd9996e24bc43c1a0-1024x991.png\" alt=\"\" class=\"wp-image-3549\" style=\"width:127px;height:117px\" title=\"\" srcset=\"https:\/\/cultivers.es\/wp-content\/uploads\/2022\/01\/580b57fcd9996e24bc43c1a0-1024x991.png 1024w, https:\/\/cultivers.es\/wp-content\/uploads\/2022\/01\/580b57fcd9996e24bc43c1a0-600x581.png 600w, https:\/\/cultivers.es\/wp-content\/uploads\/2022\/01\/580b57fcd9996e24bc43c1a0-300x290.png 300w, https:\/\/cultivers.es\/wp-content\/uploads\/2022\/01\/580b57fcd9996e24bc43c1a0-768x743.png 768w, https:\/\/cultivers.es\/wp-content\/uploads\/2022\/01\/580b57fcd9996e24bc43c1a0-1536x1486.png 1536w, https:\/\/cultivers.es\/wp-content\/uploads\/2022\/01\/580b57fcd9996e24bc43c1a0-1080x1045.png 1080w, https:\/\/cultivers.es\/wp-content\/uploads\/2022\/01\/580b57fcd9996e24bc43c1a0-1280x1238.png 1280w, https:\/\/cultivers.es\/wp-content\/uploads\/2022\/01\/580b57fcd9996e24bc43c1a0-980x948.png 980w, https:\/\/cultivers.es\/wp-content\/uploads\/2022\/01\/580b57fcd9996e24bc43c1a0-480x464.png 480w, https:\/\/cultivers.es\/wp-content\/uploads\/2022\/01\/580b57fcd9996e24bc43c1a0.png 1600w\" sizes=\"(max-width: 1024px) 100vw, 1024px\" \/><\/figure>\n<\/div>\n<ul class=\"wp-block-list\">\n<li>Germinazione in 10-20 giorni<\/li>\n\n\n\n<li>Trapianto in estate<\/li>\n\n\n\n<li>Innaffiature leggere e frequenti, mantenere l&#8217;umidit\u00e0<\/li>\n\n\n\n<li>Contenitore: +5 litri<\/li>\n<\/ul>\n\n<p class=\"has-vivid-green-cyan-color has-text-color has-medium-font-size\"><strong>Fagioli<\/strong><\/p>\n<div class=\"wp-block-image is-style-rounded\">\n<figure class=\"alignright size-full is-resized\"><img decoding=\"async\" width=\"883\" height=\"720\" src=\"https:\/\/cultivers.es\/wp-content\/uploads\/2022\/01\/green-2505076_960_720.png\" alt=\"\" class=\"wp-image-3550\" style=\"width:157px;height:117px\" title=\"\" srcset=\"https:\/\/cultivers.es\/wp-content\/uploads\/2022\/01\/green-2505076_960_720.png 883w, https:\/\/cultivers.es\/wp-content\/uploads\/2022\/01\/green-2505076_960_720-600x489.png 600w, https:\/\/cultivers.es\/wp-content\/uploads\/2022\/01\/green-2505076_960_720-300x245.png 300w, https:\/\/cultivers.es\/wp-content\/uploads\/2022\/01\/green-2505076_960_720-768x626.png 768w, https:\/\/cultivers.es\/wp-content\/uploads\/2022\/01\/green-2505076_960_720-480x391.png 480w\" sizes=\"(max-width: 883px) 100vw, 883px\" \/><\/figure>\n<\/div>\n<ul class=\"wp-block-list\">\n<li>Semina diretta<\/li>\n\n\n\n<li>Germinazione in 6-12 giorni<\/li>\n\n\n\n<li>Raccolta a partire da 8-10 settimane di et\u00e0  <\/li>\n\n\n\n<li>Annaffiature leggere e frequenti, mantenere l&#8217;umidit\u00e0.<\/li>\n\n\n\n<li>Contenitore minimo 15 litri<\/li>\n<\/ul>\n\n<p class=\"has-vivid-green-cyan-color has-text-color has-medium-font-size\"><strong>Mais<\/strong><\/p>\n<div class=\"wp-block-image is-style-rounded\">\n<figure class=\"alignright size-full is-resized\"><img decoding=\"async\" width=\"600\" height=\"600\" src=\"https:\/\/cultivers.es\/wp-content\/uploads\/2022\/02\/d3aa9a0de485116ca93e3bb2077a4bfb-600x600-1.jpg\" alt=\"\" class=\"wp-image-3804\" style=\"width:130px;height:117px\" title=\"\" srcset=\"https:\/\/cultivers.es\/wp-content\/uploads\/2022\/02\/d3aa9a0de485116ca93e3bb2077a4bfb-600x600-1.jpg 600w, https:\/\/cultivers.es\/wp-content\/uploads\/2022\/02\/d3aa9a0de485116ca93e3bb2077a4bfb-600x600-1-300x300.jpg 300w, https:\/\/cultivers.es\/wp-content\/uploads\/2022\/02\/d3aa9a0de485116ca93e3bb2077a4bfb-600x600-1-100x100.jpg 100w, https:\/\/cultivers.es\/wp-content\/uploads\/2022\/02\/d3aa9a0de485116ca93e3bb2077a4bfb-600x600-1-150x150.jpg 150w, https:\/\/cultivers.es\/wp-content\/uploads\/2022\/02\/d3aa9a0de485116ca93e3bb2077a4bfb-600x600-1-480x480.jpg 480w\" sizes=\"(max-width: 600px) 100vw, 600px\" \/><\/figure>\n<\/div>\n<ul class=\"wp-block-list\">\n<li>Preferibile la semina diretta<\/li>\n\n\n\n<li>Germinazione in 5-10 giorni<\/li>\n\n\n\n<li>Raccolta in 3-4 mesi a seconda della variet\u00e0<\/li>\n\n\n\n<li>Irrigazione frequente, mantenimento dell&#8217;umidit\u00e0<\/li>\n\n\n\n<li>Contenitore minimo 20 litri<\/li>\n<\/ul>\n\n<p class=\"has-vivid-green-cyan-color has-text-color has-medium-font-size\"><strong>Melone<\/strong><\/p>\n<div class=\"wp-block-image is-style-rounded\">\n<figure class=\"alignright size-full is-resized\"><img decoding=\"async\" width=\"340\" height=\"340\" src=\"https:\/\/cultivers.es\/wp-content\/uploads\/2022\/01\/melon_PNG14368.png\" alt=\"\" class=\"wp-image-3551\" style=\"width:157px;height:160px\" title=\"\" srcset=\"https:\/\/cultivers.es\/wp-content\/uploads\/2022\/01\/melon_PNG14368.png 340w, https:\/\/cultivers.es\/wp-content\/uploads\/2022\/01\/melon_PNG14368-300x300.png 300w, https:\/\/cultivers.es\/wp-content\/uploads\/2022\/01\/melon_PNG14368-100x100.png 100w, https:\/\/cultivers.es\/wp-content\/uploads\/2022\/01\/melon_PNG14368-150x150.png 150w\" sizes=\"(max-width: 340px) 100vw, 340px\" \/><\/figure>\n<\/div>\n<ul class=\"wp-block-list\">\n<li>Semina diretta o trapianto del letto di semina<\/li>\n\n\n\n<li>Germinazione in 5-15 giorni<\/li>\n\n\n\n<li>Trapianto a partire dalla 4\u00aa foglia vera<\/li>\n\n\n\n<li>Raccogliere a partire da 3 mesi<\/li>\n\n\n\n<li>Irrigazione frequente, mantenimento dell&#8217;umidit\u00e0<\/li>\n\n\n\n<li>Contenitore minimo 25 litri<\/li>\n<\/ul>\n\n<p class=\"has-vivid-green-cyan-color has-text-color has-medium-font-size\"><strong><a href=\"https:\/\/cultivers.es\/it\/guida-alla-coltivazione-della-lattuga\/\" target=\"_blank\" rel=\"noreferrer noopener\">Lattuga<\/a><\/strong><\/p>\n<div class=\"wp-block-image is-style-rounded\">\n<figure class=\"alignright size-full is-resized\"><img decoding=\"async\" width=\"910\" height=\"607\" src=\"https:\/\/cultivers.es\/wp-content\/uploads\/2021\/09\/salad-green-vegetables-meals.jpg\" alt=\"\" class=\"wp-image-427\" style=\"width:157px;height:117px\" title=\"\" srcset=\"https:\/\/cultivers.es\/wp-content\/uploads\/2021\/09\/salad-green-vegetables-meals.jpg 910w, https:\/\/cultivers.es\/wp-content\/uploads\/2021\/09\/salad-green-vegetables-meals-600x400.jpg 600w, https:\/\/cultivers.es\/wp-content\/uploads\/2021\/09\/salad-green-vegetables-meals-300x200.jpg 300w, https:\/\/cultivers.es\/wp-content\/uploads\/2021\/09\/salad-green-vegetables-meals-768x512.jpg 768w, https:\/\/cultivers.es\/wp-content\/uploads\/2021\/09\/salad-green-vegetables-meals-480x320.jpg 480w\" sizes=\"(max-width: 910px) 100vw, 910px\" \/><\/figure>\n<\/div>\n<ul class=\"wp-block-list\">\n<li>Semina in vaschette di torba, per piantine<\/li>\n\n\n\n<li>Trapianto quando hanno 4-5 foglie vere<\/li>\n\n\n\n<li>Germinazione in 6-8 giorni<\/li>\n\n\n\n<li>Raccolta in 2-4 mesi<\/li>\n\n\n\n<li>Potete raccogliere le foglie quando ne avete bisogno<\/li>\n\n\n\n<li>Annaffiature leggere e frequenti, mantenere l&#8217;umidit\u00e0.<\/li>\n\n\n\n<li>Contenitore: 3 litri<\/li>\n<\/ul>\n\n<p class=\"has-vivid-green-cyan-color has-text-color has-medium-font-size\"><strong>Patate<\/strong><\/p>\n<div class=\"wp-block-image is-style-rounded\">\n<figure class=\"alignright size-large is-resized\"><img decoding=\"async\" width=\"1024\" height=\"576\" src=\"https:\/\/cultivers.es\/wp-content\/uploads\/2022\/02\/cocer-patata-1280x720x80xX-1024x576.jpg\" alt=\"\" class=\"wp-image-3803\" style=\"width:157px;height:100px\" title=\"\" srcset=\"https:\/\/cultivers.es\/wp-content\/uploads\/2022\/02\/cocer-patata-1280x720x80xX-1024x576.jpg 1024w, https:\/\/cultivers.es\/wp-content\/uploads\/2022\/02\/cocer-patata-1280x720x80xX-600x338.jpg 600w, https:\/\/cultivers.es\/wp-content\/uploads\/2022\/02\/cocer-patata-1280x720x80xX-300x169.jpg 300w, https:\/\/cultivers.es\/wp-content\/uploads\/2022\/02\/cocer-patata-1280x720x80xX-768x432.jpg 768w, https:\/\/cultivers.es\/wp-content\/uploads\/2022\/02\/cocer-patata-1280x720x80xX-1080x608.jpg 1080w, https:\/\/cultivers.es\/wp-content\/uploads\/2022\/02\/cocer-patata-1280x720x80xX-980x551.jpg 980w, https:\/\/cultivers.es\/wp-content\/uploads\/2022\/02\/cocer-patata-1280x720x80xX-480x270.jpg 480w, https:\/\/cultivers.es\/wp-content\/uploads\/2022\/02\/cocer-patata-1280x720x80xX.jpg 1280w\" sizes=\"(max-width: 1024px) 100vw, 1024px\" \/><\/figure>\n<\/div>\n<ul class=\"wp-block-list\">\n<li>Semina diretta.<\/li>\n\n\n\n<li>Si possono mettere i tuberi interi o tagliati a pezzetti.<\/li>\n\n\n\n<li>Ha bisogno di molta materia organica<\/li>\n\n\n\n<li>\u00c8 sufficiente annaffiare una volta alla settimana.<\/li>\n\n\n\n<li>Raccogliere le patate da 3 mesi a 6 mesi.<\/li>\n\n\n\n<li>Contenitore minimo 30 litri<\/li>\n<\/ul>\n\n<p class=\"has-vivid-green-cyan-color has-text-color has-medium-font-size\"><strong>Cetriolo<\/strong><\/p>\n<div class=\"wp-block-image is-style-rounded\">\n<figure class=\"alignright size-full is-resized\"><img decoding=\"async\" width=\"968\" height=\"726\" src=\"https:\/\/cultivers.es\/wp-content\/uploads\/2022\/02\/PEPINO-buena.jpg\" alt=\"\" class=\"wp-image-3805\" style=\"width:157px;height:117px\" title=\"\" srcset=\"https:\/\/cultivers.es\/wp-content\/uploads\/2022\/02\/PEPINO-buena.jpg 968w, https:\/\/cultivers.es\/wp-content\/uploads\/2022\/02\/PEPINO-buena-600x450.jpg 600w, https:\/\/cultivers.es\/wp-content\/uploads\/2022\/02\/PEPINO-buena-300x225.jpg 300w, https:\/\/cultivers.es\/wp-content\/uploads\/2022\/02\/PEPINO-buena-768x576.jpg 768w, https:\/\/cultivers.es\/wp-content\/uploads\/2022\/02\/PEPINO-buena-510x382.jpg 510w, https:\/\/cultivers.es\/wp-content\/uploads\/2022\/02\/PEPINO-buena-480x360.jpg 480w\" sizes=\"(max-width: 968px) 100vw, 968px\" \/><\/figure>\n<\/div>\n<ul class=\"wp-block-list\">\n<li>Germinazione in 8-15 giorni<\/li>\n\n\n\n<li>Trapiantate da 2 a 3 foglie vere.<\/li>\n\n\n\n<li>Raccolta a circa 2 mesi e mezzo.<\/li>\n\n\n\n<li>Irrigazione leggera e frequente<\/li>\n\n\n\n<li>Necessita di esposizione al sole<\/li>\n\n\n\n<li>Contenitore minimo litri<\/li>\n<\/ul>\n\n<p class=\"has-vivid-green-cyan-color has-text-color has-medium-font-size\"><strong>Peperoni<\/strong><\/p>\n<div class=\"wp-block-image is-style-rounded\">\n<figure class=\"alignright size-large is-resized\"><img decoding=\"async\" width=\"1024\" height=\"576\" src=\"https:\/\/cultivers.es\/wp-content\/uploads\/2021\/12\/Pepper_White_background_Multicolor_567504_2560x1440-1024x576.jpg\" alt=\"\" class=\"wp-image-2257\" style=\"width:157px;height:117px\" title=\"\" srcset=\"https:\/\/cultivers.es\/wp-content\/uploads\/2021\/12\/Pepper_White_background_Multicolor_567504_2560x1440-1024x576.jpg 1024w, https:\/\/cultivers.es\/wp-content\/uploads\/2021\/12\/Pepper_White_background_Multicolor_567504_2560x1440-600x338.jpg 600w, https:\/\/cultivers.es\/wp-content\/uploads\/2021\/12\/Pepper_White_background_Multicolor_567504_2560x1440-300x169.jpg 300w, https:\/\/cultivers.es\/wp-content\/uploads\/2021\/12\/Pepper_White_background_Multicolor_567504_2560x1440-768x432.jpg 768w, https:\/\/cultivers.es\/wp-content\/uploads\/2021\/12\/Pepper_White_background_Multicolor_567504_2560x1440-1536x864.jpg 1536w, https:\/\/cultivers.es\/wp-content\/uploads\/2021\/12\/Pepper_White_background_Multicolor_567504_2560x1440-2048x1152.jpg 2048w, https:\/\/cultivers.es\/wp-content\/uploads\/2021\/12\/Pepper_White_background_Multicolor_567504_2560x1440-1080x608.jpg 1080w, https:\/\/cultivers.es\/wp-content\/uploads\/2021\/12\/Pepper_White_background_Multicolor_567504_2560x1440-1280x720.jpg 1280w, https:\/\/cultivers.es\/wp-content\/uploads\/2021\/12\/Pepper_White_background_Multicolor_567504_2560x1440-980x551.jpg 980w, https:\/\/cultivers.es\/wp-content\/uploads\/2021\/12\/Pepper_White_background_Multicolor_567504_2560x1440-480x270.jpg 480w\" sizes=\"(max-width: 1024px) 100vw, 1024px\" \/><\/figure>\n<\/div>\n<ul class=\"wp-block-list\">\n<li>Semina in semenzaio a letto caldo o in serra<\/li>\n\n\n\n<li>Trapianto a 10-15 cm<\/li>\n\n\n\n<li>Germinazione in 10-15 giorni<\/li>\n\n\n\n<li>Raccolta in 5-7 mesi<\/li>\n\n\n\n<li>Annaffiature leggere e frequenti, mantenere l&#8217;umidit\u00e0.<\/li>\n\n\n\n<li>Ha bisogno di una forte esposizione al sole.<\/li>\n\n\n\n<li>Contenitore: 15 litri<\/li>\n<\/ul>\n\n<p class=\"has-vivid-green-cyan-color has-text-color has-medium-font-size\"><strong>Porri<\/strong><\/p>\n<div class=\"wp-block-image is-style-rounded\">\n<figure class=\"alignright size-large is-resized\"><img decoding=\"async\" width=\"1024\" height=\"492\" src=\"https:\/\/cultivers.es\/wp-content\/uploads\/2021\/09\/ponga-verde-el-puerro-en-el-fondo-blanco-28610971-1024x492.jpg\" alt=\"\" class=\"wp-image-429\" style=\"width:157px;height:117px\" title=\"\" srcset=\"https:\/\/cultivers.es\/wp-content\/uploads\/2021\/09\/ponga-verde-el-puerro-en-el-fondo-blanco-28610971-1024x492.jpg 1024w, https:\/\/cultivers.es\/wp-content\/uploads\/2021\/09\/ponga-verde-el-puerro-en-el-fondo-blanco-28610971-600x288.jpg 600w, https:\/\/cultivers.es\/wp-content\/uploads\/2021\/09\/ponga-verde-el-puerro-en-el-fondo-blanco-28610971-300x144.jpg 300w, https:\/\/cultivers.es\/wp-content\/uploads\/2021\/09\/ponga-verde-el-puerro-en-el-fondo-blanco-28610971-768x369.jpg 768w, https:\/\/cultivers.es\/wp-content\/uploads\/2021\/09\/ponga-verde-el-puerro-en-el-fondo-blanco-28610971-1536x738.jpg 1536w, https:\/\/cultivers.es\/wp-content\/uploads\/2021\/09\/ponga-verde-el-puerro-en-el-fondo-blanco-28610971-1080x519.jpg 1080w, https:\/\/cultivers.es\/wp-content\/uploads\/2021\/09\/ponga-verde-el-puerro-en-el-fondo-blanco-28610971-1280x615.jpg 1280w, https:\/\/cultivers.es\/wp-content\/uploads\/2021\/09\/ponga-verde-el-puerro-en-el-fondo-blanco-28610971-980x471.jpg 980w, https:\/\/cultivers.es\/wp-content\/uploads\/2021\/09\/ponga-verde-el-puerro-en-el-fondo-blanco-28610971-480x231.jpg 480w, https:\/\/cultivers.es\/wp-content\/uploads\/2021\/09\/ponga-verde-el-puerro-en-el-fondo-blanco-28610971.jpg 1600w\" sizes=\"(max-width: 1024px) 100vw, 1024px\" \/><\/figure>\n<\/div>\n<ul class=\"wp-block-list\">\n<li>Semina diretta o in semenzaio<\/li>\n\n\n\n<li>Piante distanziate di 15 centimetri<\/li>\n\n\n\n<li>Germinazione in 12-15 giorni<\/li>\n\n\n\n<li>Raccolta in 5 mesi<\/li>\n\n\n\n<li>Irrigazione leggera, mantenere l&#8217;umidit\u00e0<\/li>\n\n\n\n<li>Contenitore: 5 litri, profondit\u00e0 minima: 25-30 cm.<\/li>\n<\/ul>\n\n<p class=\"has-vivid-green-cyan-color has-text-color has-medium-font-size\"><strong>Ravanelli<\/strong><\/p>\n<div class=\"wp-block-image is-style-rounded\">\n<figure class=\"alignright size-full is-resized\"><img decoding=\"async\" width=\"450\" height=\"333\" src=\"https:\/\/cultivers.es\/wp-content\/uploads\/2021\/09\/45821222-rabanos-pequenos-aislados-sobre-fondo-blanco.jpg\" alt=\"\" class=\"wp-image-430\" style=\"width:157px;height:117px\" title=\"\" srcset=\"https:\/\/cultivers.es\/wp-content\/uploads\/2021\/09\/45821222-rabanos-pequenos-aislados-sobre-fondo-blanco.jpg 450w, https:\/\/cultivers.es\/wp-content\/uploads\/2021\/09\/45821222-rabanos-pequenos-aislados-sobre-fondo-blanco-300x222.jpg 300w\" sizes=\"(max-width: 450px) 100vw, 450px\" \/><\/figure>\n<\/div>\n<ul class=\"wp-block-list\">\n<li>Semina diretta dei semi, senza trapianto<\/li>\n\n\n\n<li>Germinazione in 6-8 giorni<\/li>\n\n\n\n<li>Raccolta in 4-5 settimane<\/li>\n\n\n\n<li>Irrigazione delicata ogni giorno per mantenere l&#8217;umidit\u00e0<\/li>\n\n\n\n<li>Contenitore: 2 litri<\/li>\n\n\n\n<li>Crescita facile e veloce<\/li>\n<\/ul>\n\n<p class=\"has-vivid-green-cyan-color has-text-color has-medium-font-size\"><strong>Barbabietola<\/strong><\/p>\n<div class=\"wp-block-image is-style-rounded\">\n<figure class=\"alignright size-full is-resized\"><img decoding=\"async\" width=\"626\" height=\"573\" src=\"https:\/\/cultivers.es\/wp-content\/uploads\/2021\/12\/remolacha-fresca-aislado-sobre-fondo-blanco-trazado-recorte_88281-4967.jpg\" alt=\"\" class=\"wp-image-2258\" style=\"width:157px;height:117px\" title=\"\" srcset=\"https:\/\/cultivers.es\/wp-content\/uploads\/2021\/12\/remolacha-fresca-aislado-sobre-fondo-blanco-trazado-recorte_88281-4967.jpg 626w, https:\/\/cultivers.es\/wp-content\/uploads\/2021\/12\/remolacha-fresca-aislado-sobre-fondo-blanco-trazado-recorte_88281-4967-600x549.jpg 600w, https:\/\/cultivers.es\/wp-content\/uploads\/2021\/12\/remolacha-fresca-aislado-sobre-fondo-blanco-trazado-recorte_88281-4967-300x275.jpg 300w, https:\/\/cultivers.es\/wp-content\/uploads\/2021\/12\/remolacha-fresca-aislado-sobre-fondo-blanco-trazado-recorte_88281-4967-480x439.jpg 480w\" sizes=\"(max-width: 626px) 100vw, 626px\" \/><\/figure>\n<\/div>\n<ul class=\"wp-block-list\">\n<li>Semina diretta da seme o in semenzaio<\/li>\n\n\n\n<li>Risciacquare quando le piante sono lunghe circa 12 cm.<\/li>\n\n\n\n<li>Germinazione in 8-12 giorni<\/li>\n\n\n\n<li>Raccolta in 3-4 mesi<\/li>\n\n\n\n<li>Irrigazione leggera solo per mantenere l&#8217;umidit\u00e0<\/li>\n\n\n\n<li>Contenitore: 5 litri<\/li>\n<\/ul>\n\n<p class=\"has-vivid-green-cyan-color has-text-color has-medium-font-size\"><strong>Anguria<\/strong><\/p>\n<div class=\"wp-block-image is-style-rounded\">\n<figure class=\"alignright size-large is-resized\"><img decoding=\"async\" width=\"1024\" height=\"757\" src=\"https:\/\/cultivers.es\/wp-content\/uploads\/2022\/01\/580b57fcd9996e24bc43c1a6-1024x757.png\" alt=\"\" class=\"wp-image-3553\" style=\"width:157px;height:117px\" title=\"\" srcset=\"https:\/\/cultivers.es\/wp-content\/uploads\/2022\/01\/580b57fcd9996e24bc43c1a6-1024x757.png 1024w, https:\/\/cultivers.es\/wp-content\/uploads\/2022\/01\/580b57fcd9996e24bc43c1a6-600x444.png 600w, https:\/\/cultivers.es\/wp-content\/uploads\/2022\/01\/580b57fcd9996e24bc43c1a6-300x222.png 300w, https:\/\/cultivers.es\/wp-content\/uploads\/2022\/01\/580b57fcd9996e24bc43c1a6-768x568.png 768w, https:\/\/cultivers.es\/wp-content\/uploads\/2022\/01\/580b57fcd9996e24bc43c1a6-1536x1136.png 1536w, https:\/\/cultivers.es\/wp-content\/uploads\/2022\/01\/580b57fcd9996e24bc43c1a6-2048x1514.png 2048w, https:\/\/cultivers.es\/wp-content\/uploads\/2022\/01\/580b57fcd9996e24bc43c1a6-1080x799.png 1080w, https:\/\/cultivers.es\/wp-content\/uploads\/2022\/01\/580b57fcd9996e24bc43c1a6-1280x947.png 1280w, https:\/\/cultivers.es\/wp-content\/uploads\/2022\/01\/580b57fcd9996e24bc43c1a6-980x725.png 980w, https:\/\/cultivers.es\/wp-content\/uploads\/2022\/01\/580b57fcd9996e24bc43c1a6-480x355.png 480w\" sizes=\"(max-width: 1024px) 100vw, 1024px\" \/><\/figure>\n<\/div>\n<ul class=\"wp-block-list\">\n<li>Semina diretta o trapianto del letto di semina<\/li>\n\n\n\n<li>Germinazione in 5-10 giorni<\/li>\n\n\n\n<li>Trapianto a partire dalla 4\u00aa foglia vera<\/li>\n\n\n\n<li>Raccogliere a partire da 4 mesi<\/li>\n\n\n\n<li>Irrigazione frequente, mantenimento dell&#8217;umidit\u00e0<\/li>\n\n\n\n<li>Contenitore minimo 25 litri<\/li>\n<\/ul>\n\n<p class=\"has-vivid-green-cyan-color has-text-color has-medium-font-size\"><strong><a href=\"https:\/\/cultivers.es\/it\/guida-alla-coltivazione-del-pomodoro\/\">Pomodori<\/a><\/strong><\/p>\n<div class=\"wp-block-image is-style-rounded\">\n<figure class=\"alignright size-full is-resized\"><img decoding=\"async\" width=\"400\" height=\"400\" src=\"https:\/\/cultivers.es\/wp-content\/uploads\/2021\/12\/580b57fcd9996e24bc43c23b.png\" alt=\"\" class=\"wp-image-2259\" style=\"width:157px;height:117px\" title=\"\" srcset=\"https:\/\/cultivers.es\/wp-content\/uploads\/2021\/12\/580b57fcd9996e24bc43c23b.png 400w, https:\/\/cultivers.es\/wp-content\/uploads\/2021\/12\/580b57fcd9996e24bc43c23b-300x300.png 300w, https:\/\/cultivers.es\/wp-content\/uploads\/2021\/12\/580b57fcd9996e24bc43c23b-100x100.png 100w, https:\/\/cultivers.es\/wp-content\/uploads\/2021\/12\/580b57fcd9996e24bc43c23b-150x150.png 150w\" sizes=\"(max-width: 400px) 100vw, 400px\" \/><\/figure>\n<\/div>\n<ul class=\"wp-block-list\">\n<li>Semina in semenzaio a letto caldo o in serra<\/li>\n\n\n\n<li>Trapiantate quando \u00e8 di circa 10 cm<\/li>\n\n\n\n<li>Germinazione in 7-15 giorni<\/li>\n\n\n\n<li>Raccolta tra i 4 e i 9 mesi a seconda del tipo di pomodoro.<\/li>\n\n\n\n<li>Annaffiature distanziate in primavera e brevi e continue in estate.<\/li>\n\n\n\n<li>Ha bisogno di una forte esposizione al sole.<\/li>\n\n\n\n<li>Contenitore: 25-30 litri<\/li>\n<\/ul>\n\n<p class=\"has-vivid-green-cyan-color has-text-color has-medium-font-size\"><strong><a href=\"https:\/\/cultivers.es\/it\/guida-alla-coltivazione-della-carota\/\">Carote<\/a><\/strong><\/p>\n<div class=\"wp-block-image is-style-rounded\">\n<figure class=\"alignright size-full is-resized\"><img decoding=\"async\" width=\"612\" height=\"408\" src=\"https:\/\/cultivers.es\/wp-content\/uploads\/2021\/09\/istockphoto-471359531-612x612-1.jpg\" alt=\"\" class=\"wp-image-432\" style=\"width:157px;height:117px\" title=\"\" srcset=\"https:\/\/cultivers.es\/wp-content\/uploads\/2021\/09\/istockphoto-471359531-612x612-1.jpg 612w, https:\/\/cultivers.es\/wp-content\/uploads\/2021\/09\/istockphoto-471359531-612x612-1-600x400.jpg 600w, https:\/\/cultivers.es\/wp-content\/uploads\/2021\/09\/istockphoto-471359531-612x612-1-300x200.jpg 300w, https:\/\/cultivers.es\/wp-content\/uploads\/2021\/09\/istockphoto-471359531-612x612-1-480x320.jpg 480w\" sizes=\"(max-width: 612px) 100vw, 612px\" \/><\/figure>\n<\/div>\n<ul class=\"wp-block-list\">\n<li>Semina diretta dei semi, senza trapianto<\/li>\n\n\n\n<li>Germinazione in 12-15 giorni<\/li>\n\n\n\n<li>Raccolta in 3-4 mesi<\/li>\n\n\n\n<li>Irrigazione delicata ogni giorno per mantenere l&#8217;umidit\u00e0<\/li>\n\n\n\n<li>Profondit\u00e0 minima del substrato 20 cm e contenitore da 3 litri<\/li>\n<\/ul>\n\n<p class=\"has-text-align-center has-black-color has-text-color\" style=\"font-size:30px\"><strong>Piante aromatiche e benefiche da seminare.<\/strong><\/p>\n\n<p class=\"has-vivid-green-cyan-color has-text-color has-medium-font-size\"><strong>Basilico<\/strong><\/p>\n<div class=\"wp-block-image is-style-rounded\">\n<figure class=\"alignright size-full is-resized\"><img decoding=\"async\" width=\"790\" height=\"494\" src=\"https:\/\/cultivers.es\/wp-content\/uploads\/2022\/04\/Albahaca-Morada2.jpg\" alt=\"\" class=\"wp-image-4360\" style=\"width:157px\" title=\"\" srcset=\"https:\/\/cultivers.es\/wp-content\/uploads\/2022\/04\/Albahaca-Morada2.jpg 790w, https:\/\/cultivers.es\/wp-content\/uploads\/2022\/04\/Albahaca-Morada2-600x375.jpg 600w, https:\/\/cultivers.es\/wp-content\/uploads\/2022\/04\/Albahaca-Morada2-300x188.jpg 300w, https:\/\/cultivers.es\/wp-content\/uploads\/2022\/04\/Albahaca-Morada2-768x480.jpg 768w, https:\/\/cultivers.es\/wp-content\/uploads\/2022\/04\/Albahaca-Morada2-400x250.jpg 400w, https:\/\/cultivers.es\/wp-content\/uploads\/2022\/04\/Albahaca-Morada2-480x300.jpg 480w\" sizes=\"(max-width: 790px) 100vw, 790px\" \/><\/figure>\n<\/div>\n<ul class=\"wp-block-list\">\n<li>Semina diretta del seme o in semenzaio<\/li>\n\n\n\n<li>Germinazione in 10-15 giorni<\/li>\n\n\n\n<li>Raccolta a partire da 2 mesi<\/li>\n\n\n\n<li>Potete raccogliere le foglie quando ne avete bisogno<\/li>\n\n\n\n<li>Irrigazione abbondante senza ristagni d&#8217;acqua<\/li>\n\n\n\n<li>Contenitore minimo 5 litri<\/li>\n<\/ul>\n\n<p class=\"has-vivid-green-cyan-color has-text-color has-medium-font-size\"><strong>Erba cipollina<\/strong><\/p>\n\n<ul class=\"wp-block-list\">\n<li>Semina diretta di semi<\/li>\n<\/ul>\n<div class=\"wp-block-image is-style-rounded\">\n<figure class=\"alignright size-full is-resized\"><img decoding=\"async\" width=\"900\" height=\"675\" src=\"https:\/\/cultivers.es\/wp-content\/uploads\/2022\/04\/cover.jpg\" alt=\"\" class=\"wp-image-4361\" style=\"width:157px\" title=\"\" srcset=\"https:\/\/cultivers.es\/wp-content\/uploads\/2022\/04\/cover.jpg 900w, https:\/\/cultivers.es\/wp-content\/uploads\/2022\/04\/cover-600x450.jpg 600w, https:\/\/cultivers.es\/wp-content\/uploads\/2022\/04\/cover-300x225.jpg 300w, https:\/\/cultivers.es\/wp-content\/uploads\/2022\/04\/cover-768x576.jpg 768w, https:\/\/cultivers.es\/wp-content\/uploads\/2022\/04\/cover-510x382.jpg 510w, https:\/\/cultivers.es\/wp-content\/uploads\/2022\/04\/cover-480x360.jpg 480w\" sizes=\"(max-width: 900px) 100vw, 900px\" \/><\/figure>\n<\/div>\n<ul class=\"wp-block-list\">\n<li>Germinazione in 10-20 giorni<\/li>\n\n\n\n<li>Raccogliere quando gli steli sono lunghi 15-20 centimetri.<\/li>\n\n\n\n<li>I suoi fiori sono commestibili<\/li>\n\n\n\n<li>Dura fino a 10 anni<\/li>\n\n\n\n<li>Crescita rapida<\/li>\n\n\n\n<li>Irrigazione leggera, non troppo abbondante<\/li>\n\n\n\n<li>Contenitore minimo 20 litri<\/li>\n<\/ul>\n\n<p class=\"has-vivid-green-cyan-color has-text-color has-medium-font-size\"><strong>Prezzemolo<\/strong><\/p>\n<div class=\"wp-block-image is-style-rounded\">\n<figure class=\"alignright size-full is-resized\"><img decoding=\"async\" width=\"860\" height=\"882\" src=\"https:\/\/cultivers.es\/wp-content\/uploads\/2021\/09\/63-634514_hojas-de-perejil-png-png-download-hoja-de.png\" alt=\"\" class=\"wp-image-481\" style=\"width:157px;height:130px\" title=\"\" srcset=\"https:\/\/cultivers.es\/wp-content\/uploads\/2021\/09\/63-634514_hojas-de-perejil-png-png-download-hoja-de.png 860w, https:\/\/cultivers.es\/wp-content\/uploads\/2021\/09\/63-634514_hojas-de-perejil-png-png-download-hoja-de-600x615.png 600w, https:\/\/cultivers.es\/wp-content\/uploads\/2021\/09\/63-634514_hojas-de-perejil-png-png-download-hoja-de-293x300.png 293w, https:\/\/cultivers.es\/wp-content\/uploads\/2021\/09\/63-634514_hojas-de-perejil-png-png-download-hoja-de-768x788.png 768w, https:\/\/cultivers.es\/wp-content\/uploads\/2021\/09\/63-634514_hojas-de-perejil-png-png-download-hoja-de-480x492.png 480w\" sizes=\"(max-width: 860px) 100vw, 860px\" \/><\/figure>\n<\/div>\n<ul class=\"wp-block-list\">\n<li>Semina diretta dei semi, senza trapianto<\/li>\n\n\n\n<li>Germinazione in 15-30 giorni<\/li>\n\n\n\n<li>Raccolta in 2-3 mesi<\/li>\n\n\n\n<li>Potete raccogliere le foglie quando ne avete bisogno<\/li>\n\n\n\n<li>Irrigazione delicata per mantenere l&#8217;umidit\u00e0<\/li>\n\n\n\n<li>Contenitore minimo 5 litri<\/li>\n<\/ul>\n\n<p><\/p>\n\n<p class=\"has-text-align-center has-black-color has-text-color\" style=\"font-size:30px\"><strong>Fiori che possiamo piantare nel nostro orto.<\/strong><\/p>\n\n<p class=\"has-vivid-green-cyan-color has-text-color has-medium-font-size\"><strong>Alegria<\/strong><\/p>\n<div class=\"wp-block-image is-style-rounded\">\n<figure class=\"alignright size-large is-resized\"><img decoding=\"async\" width=\"1024\" height=\"768\" src=\"https:\/\/cultivers.es\/wp-content\/uploads\/2022\/04\/impatiens-hawkeri-1024x768.jpg\" alt=\"\" class=\"wp-image-4362\" style=\"width:157px\" title=\"\" srcset=\"https:\/\/cultivers.es\/wp-content\/uploads\/2022\/04\/impatiens-hawkeri-1024x768.jpg 1024w, https:\/\/cultivers.es\/wp-content\/uploads\/2022\/04\/impatiens-hawkeri-600x450.jpg 600w, https:\/\/cultivers.es\/wp-content\/uploads\/2022\/04\/impatiens-hawkeri-300x225.jpg 300w, https:\/\/cultivers.es\/wp-content\/uploads\/2022\/04\/impatiens-hawkeri-768x576.jpg 768w, https:\/\/cultivers.es\/wp-content\/uploads\/2022\/04\/impatiens-hawkeri-1536x1151.jpg 1536w, https:\/\/cultivers.es\/wp-content\/uploads\/2022\/04\/impatiens-hawkeri-510x382.jpg 510w, https:\/\/cultivers.es\/wp-content\/uploads\/2022\/04\/impatiens-hawkeri-1080x809.jpg 1080w, https:\/\/cultivers.es\/wp-content\/uploads\/2022\/04\/impatiens-hawkeri-1280x959.jpg 1280w, https:\/\/cultivers.es\/wp-content\/uploads\/2022\/04\/impatiens-hawkeri-980x735.jpg 980w, https:\/\/cultivers.es\/wp-content\/uploads\/2022\/04\/impatiens-hawkeri-480x360.jpg 480w, https:\/\/cultivers.es\/wp-content\/uploads\/2022\/04\/impatiens-hawkeri.jpg 2048w\" sizes=\"(max-width: 1024px) 100vw, 1024px\" \/><\/figure>\n<\/div>\n<ul class=\"wp-block-list\">\n<li>Semina da seme<\/li>\n\n\n\n<li>Germinazione 15-20 giorni<\/li>\n\n\n\n<li>Preferisce la penombra ma tollera l&#8217;esposizione in pieno sole.<\/li>\n\n\n\n<li>In ambienti chiusi ha bisogno di molta luce<\/li>\n\n\n\n<li>Irrigazione abbondante<\/li>\n\n\n\n<li>Moltiplicazione per talea<\/li>\n<\/ul>\n\n<p class=\"has-vivid-green-cyan-color has-text-color has-medium-font-size\"><strong>Tagete<\/strong><\/p>\n<div class=\"wp-block-image is-style-rounded\">\n<figure class=\"alignright size-large is-resized\"><img decoding=\"async\" width=\"1024\" height=\"814\" src=\"https:\/\/cultivers.es\/wp-content\/uploads\/2022\/04\/1200px-French_marigold-1024x814.jpg\" alt=\"\" class=\"wp-image-4365\" style=\"width:157px;height:130px\" title=\"\" srcset=\"https:\/\/cultivers.es\/wp-content\/uploads\/2022\/04\/1200px-French_marigold-1024x814.jpg 1024w, https:\/\/cultivers.es\/wp-content\/uploads\/2022\/04\/1200px-French_marigold-600x477.jpg 600w, https:\/\/cultivers.es\/wp-content\/uploads\/2022\/04\/1200px-French_marigold-300x239.jpg 300w, https:\/\/cultivers.es\/wp-content\/uploads\/2022\/04\/1200px-French_marigold-768x611.jpg 768w, https:\/\/cultivers.es\/wp-content\/uploads\/2022\/04\/1200px-French_marigold-1080x859.jpg 1080w, https:\/\/cultivers.es\/wp-content\/uploads\/2022\/04\/1200px-French_marigold-980x779.jpg 980w, https:\/\/cultivers.es\/wp-content\/uploads\/2022\/04\/1200px-French_marigold-480x382.jpg 480w, https:\/\/cultivers.es\/wp-content\/uploads\/2022\/04\/1200px-French_marigold.jpg 1200w\" sizes=\"(max-width: 1024px) 100vw, 1024px\" \/><\/figure>\n<\/div>\n<ul class=\"wp-block-list\">\n<li>Semina diretta a spaglio<\/li>\n\n\n\n<li>Germoglia in 10-20 giorni<\/li>\n\n\n\n<li>Esposizione Sole e penombra<\/li>\n\n\n\n<li>Irrigazione regolare, non troppo abbondante, da 2 a 3 volte alla settimana.<\/li>\n\n\n\n<li>Si adatta bene a tutti i climi<\/li>\n<\/ul>\n\n<p class=\"has-vivid-green-cyan-color has-text-color has-medium-font-size\"><strong>Rosales.<\/strong><\/p>\n<div class=\"wp-block-image is-style-rounded\">\n<figure class=\"alignright size-large is-resized\"><img decoding=\"async\" src=\"https:\/\/cultivers.es\/wp-content\/uploads\/2022\/02\/&#xA1;hazme-tus-preguntas-1224-&#xD7;-1080-px-1224-&#xD7;-581-px-1080-&#xD7;-1080-px-1024x1024.png\" alt=\"\" class=\"wp-image-3808\" style=\"width:156px;height:130px\" title=\"\"><\/figure>\n<\/div>\n<ul class=\"wp-block-list\">\n<li>Tollera i terreni poveri.<\/li>\n\n\n\n<li>Fertilizzazione almeno 2 volte durante il ciclo vegetativo.<\/li>\n\n\n\n<li>Esposizione al sole di almeno 4 ore<\/li>\n\n\n\n<li>Irrigazione regolare, alcune variet\u00e0 resistono meglio di altre alla siccit\u00e0.<\/li>\n\n\n\n<li>Si consiglia di potare durante la stagione di dormienza.<\/li>\n<\/ul>\n","protected":false},"excerpt":{"rendered":"<p>Calendario delle semine di giugno, questo mese \u00e8 un mese in cui l&#8217;orto entra pienamente in produzione ed \u00e8 la data in cui le piante che mettiamo cresceranno molto velocemente. Quindi \u00e8 ideale per poter fare una seconda semina di pomodori, melanzane, ecc&#8230; Oltre a molte altre cose che possono essere coltivate senza problemi, \u00e8 [&hellip;]<\/p>\n","protected":false},"author":2,"featured_media":15746,"comment_status":"closed","ping_status":"closed","sticky":false,"template":"","format":"standard","meta":{"_acf_changed":false,"footnotes":""},"categories":[921],"tags":[],"class_list":["post-21233","post","type-post","status-publish","format-standard","has-post-thumbnail","hentry","category-calendario-delle-semine"],"acf":[],"_links":{"self":[{"href":"https:\/\/cultivers.es\/it\/wp-json\/wp\/v2\/posts\/21233","targetHints":{"allow":["GET"]}}],"collection":[{"href":"https:\/\/cultivers.es\/it\/wp-json\/wp\/v2\/posts"}],"about":[{"href":"https:\/\/cultivers.es\/it\/wp-json\/wp\/v2\/types\/post"}],"author":[{"embeddable":true,"href":"https:\/\/cultivers.es\/it\/wp-json\/wp\/v2\/users\/2"}],"replies":[{"embeddable":true,"href":"https:\/\/cultivers.es\/it\/wp-json\/wp\/v2\/comments?post=21233"}],"version-history":[{"count":4,"href":"https:\/\/cultivers.es\/it\/wp-json\/wp\/v2\/posts\/21233\/revisions"}],"predecessor-version":[{"id":48851,"href":"https:\/\/cultivers.es\/it\/wp-json\/wp\/v2\/posts\/21233\/revisions\/48851"}],"wp:featuredmedia":[{"embeddable":true,"href":"https:\/\/cultivers.es\/it\/wp-json\/wp\/v2\/media\/15746"}],"wp:attachment":[{"href":"https:\/\/cultivers.es\/it\/wp-json\/wp\/v2\/media?parent=21233"}],"wp:term":[{"taxonomy":"category","embeddable":true,"href":"https:\/\/cultivers.es\/it\/wp-json\/wp\/v2\/categories?post=21233"},{"taxonomy":"post_tag","embeddable":true,"href":"https:\/\/cultivers.es\/it\/wp-json\/wp\/v2\/tags?post=21233"}],"curies":[{"name":"wp","href":"https:\/\/api.w.org\/{rel}","templated":true}]}}