{"id":21267,"date":"2022-06-01T12:31:18","date_gmt":"2022-06-01T12:31:18","guid":{"rendered":"https:\/\/cultivers.es\/calendario-das-sementeiras-de-junho\/"},"modified":"2026-01-08T19:29:47","modified_gmt":"2026-01-08T19:29:47","slug":"calendario-das-sementeiras-de-junho","status":"publish","type":"post","link":"https:\/\/cultivers.es\/pt-pt\/blog\/calendario-das-sementeiras-de-junho\/","title":{"rendered":"Calend\u00e1rio das sementeiras de junho"},"content":{"rendered":"\n<p class=\"has-black-color has-text-color\"><strong>Calend\u00e1rio de sementeira de junho<\/strong>, este m\u00eas \u00e9 um m\u00eas em que a horta entra em plena produ\u00e7\u00e3o e \u00e9 a data em que as plantas que colocamos v\u00e3o crescer muito rapidamente. Por isso \u00e9 ideal poder fazer uma segunda sementeira de tomates, beringelas, etc&#8230;  <\/p>\n\n<p>Para al\u00e9m de muitas outras coisas que podem ser cultivadas sem problemas, \u00e9 altura de come\u00e7ar a preparar as camas de sementes de algumas culturas, como as br\u00e1ssicas.<\/p>\n\n<p>Por isso, se n\u00e3o queres perder o que semear e plantar neste m\u00eas de junho, n\u00e3o deixes de consultar esta publica\u00e7\u00e3o.<\/p>\n<div class=\"wp-block-image is-style-rounded\">\n<figure class=\"alignright size-full is-resized\"><img decoding=\"async\" width=\"1000\" height=\"1000\" src=\"https:\/\/cultivers.es\/wp-content\/uploads\/2022\/03\/acelga-arcoiris.jpg\" alt=\"\" class=\"wp-image-3961\" style=\"width:157px\" title=\"\" srcset=\"https:\/\/cultivers.es\/wp-content\/uploads\/2022\/03\/acelga-arcoiris.jpg 1000w, https:\/\/cultivers.es\/wp-content\/uploads\/2022\/03\/acelga-arcoiris-300x300.jpg 300w, https:\/\/cultivers.es\/wp-content\/uploads\/2022\/03\/acelga-arcoiris-100x100.jpg 100w, https:\/\/cultivers.es\/wp-content\/uploads\/2022\/03\/acelga-arcoiris-600x600.jpg 600w, https:\/\/cultivers.es\/wp-content\/uploads\/2022\/03\/acelga-arcoiris-150x150.jpg 150w, https:\/\/cultivers.es\/wp-content\/uploads\/2022\/03\/acelga-arcoiris-768x768.jpg 768w, https:\/\/cultivers.es\/wp-content\/uploads\/2022\/03\/acelga-arcoiris-980x980.jpg 980w, https:\/\/cultivers.es\/wp-content\/uploads\/2022\/03\/acelga-arcoiris-480x480.jpg 480w\" sizes=\"(max-width: 1000px) 100vw, 1000px\" \/><\/figure>\n<\/div>\n<p class=\"has-vivid-green-cyan-color has-text-color has-medium-font-size\"><strong>Acelga<\/strong><\/p>\n\n<ul class=\"wp-block-list\">\n<li>Germina\u00e7\u00e3o em 7-15 dias<\/li>\n\n\n\n<li>Recolha escalonada de folhas, se necess\u00e1rio<\/li>\n\n\n\n<li>Rega ligeira e frequente<\/li>\n\n\n\n<li>Recipiente: 15 litros<\/li>\n<\/ul>\n\n<p class=\"has-vivid-green-cyan-color has-text-color has-medium-font-size\"><strong>Aipo<\/strong><\/p>\n<div class=\"wp-block-image is-style-rounded\">\n<figure class=\"alignright size-large is-resized\"><img decoding=\"async\" width=\"1024\" height=\"709\" src=\"https:\/\/cultivers.es\/wp-content\/uploads\/2022\/03\/1366_2000-1024x709.jpg\" alt=\"\" class=\"wp-image-3960\" style=\"width:157px\" title=\"\" srcset=\"https:\/\/cultivers.es\/wp-content\/uploads\/2022\/03\/1366_2000-1024x709.jpg 1024w, https:\/\/cultivers.es\/wp-content\/uploads\/2022\/03\/1366_2000-600x416.jpg 600w, https:\/\/cultivers.es\/wp-content\/uploads\/2022\/03\/1366_2000-300x208.jpg 300w, https:\/\/cultivers.es\/wp-content\/uploads\/2022\/03\/1366_2000-768x532.jpg 768w, https:\/\/cultivers.es\/wp-content\/uploads\/2022\/03\/1366_2000-1080x748.jpg 1080w, https:\/\/cultivers.es\/wp-content\/uploads\/2022\/03\/1366_2000-1280x886.jpg 1280w, https:\/\/cultivers.es\/wp-content\/uploads\/2022\/03\/1366_2000-980x679.jpg 980w, https:\/\/cultivers.es\/wp-content\/uploads\/2022\/03\/1366_2000-480x332.jpg 480w, https:\/\/cultivers.es\/wp-content\/uploads\/2022\/03\/1366_2000.jpg 1366w\" sizes=\"(max-width: 1024px) 100vw, 1024px\" \/><\/figure>\n<\/div>\n<ul class=\"wp-block-list\">\n<li>Transplanta quando tiveres 10-15 cm<\/li>\n\n\n\n<li>Germina\u00e7\u00e3o em 15_20 dias<\/li>\n\n\n\n<li>Colheita em 8-10 meses<\/li>\n\n\n\n<li>Gosta do sol<\/li>\n\n\n\n<li>Recipiente: 10 litros<\/li>\n<\/ul>\n\n<p class=\"has-vivid-green-cyan-color has-text-color has-medium-font-size\"><strong>Beringela<\/strong><\/p>\n<div class=\"wp-block-image is-style-rounded\">\n<figure class=\"alignright size-full is-resized\"><img decoding=\"async\" width=\"600\" height=\"398\" src=\"https:\/\/cultivers.es\/wp-content\/uploads\/2021\/12\/depositphotos_347102386-stock-photo-cuts-eggplant-white-background-varieties.jpg\" alt=\"\" class=\"wp-image-2256\" style=\"width:157px;height:117px\" title=\"\" srcset=\"https:\/\/cultivers.es\/wp-content\/uploads\/2021\/12\/depositphotos_347102386-stock-photo-cuts-eggplant-white-background-varieties.jpg 600w, https:\/\/cultivers.es\/wp-content\/uploads\/2021\/12\/depositphotos_347102386-stock-photo-cuts-eggplant-white-background-varieties-300x199.jpg 300w, https:\/\/cultivers.es\/wp-content\/uploads\/2021\/12\/depositphotos_347102386-stock-photo-cuts-eggplant-white-background-varieties-480x318.jpg 480w\" sizes=\"(max-width: 600px) 100vw, 600px\" \/><\/figure>\n<\/div>\n<ul class=\"wp-block-list\">\n<li>Semeadura em canteiro quente ou estufa<\/li>\n\n\n\n<li>Transplanta quando tiveres 10-15 cm<\/li>\n\n\n\n<li>Germina\u00e7\u00e3o em 7-15 dias<\/li>\n\n\n\n<li>Colheita em 4-6 meses<\/li>\n\n\n\n<li>Rega ligeira e frequente, mant\u00e9m a humidade.<\/li>\n\n\n\n<li>Necessita de muita exposi\u00e7\u00e3o solar<\/li>\n\n\n\n<li>Recipiente: 15 litros<\/li>\n<\/ul>\n\n<p class=\"has-vivid-green-cyan-color has-text-color has-medium-font-size\"><strong>Ab\u00f3bora<\/strong><\/p>\n<div class=\"wp-block-image is-style-rounded\">\n<figure class=\"alignright size-full is-resized\"><img decoding=\"async\" width=\"800\" height=\"800\" src=\"https:\/\/cultivers.es\/wp-content\/uploads\/2024\/09\/abobora-futsu-black.jpg\" alt=\"sementes\" class=\"wp-image-33923\" style=\"width:130px;height:117px\" title=\"\" srcset=\"https:\/\/cultivers.es\/wp-content\/uploads\/2024\/09\/abobora-futsu-black.jpg 800w, https:\/\/cultivers.es\/wp-content\/uploads\/2024\/09\/abobora-futsu-black-300x300.jpg 300w, https:\/\/cultivers.es\/wp-content\/uploads\/2024\/09\/abobora-futsu-black-100x100.jpg 100w, https:\/\/cultivers.es\/wp-content\/uploads\/2024\/09\/abobora-futsu-black-600x600.jpg 600w, https:\/\/cultivers.es\/wp-content\/uploads\/2024\/09\/abobora-futsu-black-150x150.jpg 150w, https:\/\/cultivers.es\/wp-content\/uploads\/2024\/09\/abobora-futsu-black-768x768.jpg 768w, https:\/\/cultivers.es\/wp-content\/uploads\/2024\/09\/abobora-futsu-black-480x480.jpg 480w, https:\/\/cultivers.es\/wp-content\/uploads\/2024\/09\/abobora-futsu-black-50x50.jpg 50w\" sizes=\"(max-width: 800px) 100vw, 800px\" \/><\/figure>\n<\/div>\n<ul class=\"wp-block-list\">\n<li>Germina\u00e7\u00e3o 5-15 dias<\/li>\n\n\n\n<li>A sementeira direta pode ser feita<\/li>\n\n\n\n<li>Colheita em 4-5 meses, dependendo das variedades<\/li>\n\n\n\n<li>Rega ligeira e frequente<\/li>\n\n\n\n<li>Recipiente m\u00ednimo de 20 litros<\/li>\n<\/ul>\n\n<p class=\"has-vivid-green-cyan-color has-text-color has-medium-font-size\"><strong>Abobrinha<\/strong><\/p>\n<div class=\"wp-block-image is-style-rounded\">\n<figure class=\"alignright size-full is-resized\"><img decoding=\"async\" width=\"542\" height=\"375\" src=\"https:\/\/cultivers.es\/wp-content\/uploads\/2022\/01\/585ea830cb11b227491c3544.png\" alt=\"\" class=\"wp-image-3547\" style=\"width:157px;height:117px\" title=\"\" srcset=\"https:\/\/cultivers.es\/wp-content\/uploads\/2022\/01\/585ea830cb11b227491c3544.png 542w, https:\/\/cultivers.es\/wp-content\/uploads\/2022\/01\/585ea830cb11b227491c3544-300x208.png 300w, https:\/\/cultivers.es\/wp-content\/uploads\/2022\/01\/585ea830cb11b227491c3544-480x332.png 480w\" sizes=\"(max-width: 542px) 100vw, 542px\" \/><\/figure>\n<\/div>\n<ul class=\"wp-block-list\">\n<li>Sementeira direta ou transplante de sementeira<\/li>\n\n\n\n<li>Germina\u00e7\u00e3o em 5-15 dias, colheita em 2-4 meses<\/li>\n\n\n\n<li>Transplanta\u00e7\u00e3o a partir da 4\u00aa folha verdadeira<\/li>\n\n\n\n<li>Colheita a partir das 10 semanas  <\/li>\n\n\n\n<li>Rega ligeira e frequente, mant\u00e9m a humidade.<\/li>\n\n\n\n<li>Recipiente m\u00ednimo 22 litros<\/li>\n<\/ul>\n\n<p class=\"has-vivid-green-cyan-color has-text-color has-medium-font-size\"><strong>Couves-de-bruxelas<\/strong><\/p>\n<div class=\"wp-block-image is-style-rounded\">\n<figure class=\"alignright size-full is-resized\"><img decoding=\"async\" width=\"805\" height=\"377\" src=\"https:\/\/cultivers.es\/wp-content\/uploads\/2022\/04\/coles-de-bruselas-2.jpg\" alt=\"\" class=\"wp-image-4357\" style=\"width:157px;height:110px\" title=\"\" srcset=\"https:\/\/cultivers.es\/wp-content\/uploads\/2022\/04\/coles-de-bruselas-2.jpg 805w, https:\/\/cultivers.es\/wp-content\/uploads\/2022\/04\/coles-de-bruselas-2-600x281.jpg 600w, https:\/\/cultivers.es\/wp-content\/uploads\/2022\/04\/coles-de-bruselas-2-300x140.jpg 300w, https:\/\/cultivers.es\/wp-content\/uploads\/2022\/04\/coles-de-bruselas-2-768x360.jpg 768w, https:\/\/cultivers.es\/wp-content\/uploads\/2022\/04\/coles-de-bruselas-2-480x225.jpg 480w\" sizes=\"(max-width: 805px) 100vw, 805px\" \/><\/figure>\n<\/div>\n<ul class=\"wp-block-list\">\n<li>Semeadura direta ou sementeira<\/li>\n\n\n\n<li>Transplante com 3 a 4 folhas verdadeiras<\/li>\n\n\n\n<li>Germina\u00e7\u00e3o em 5-10 dias<\/li>\n\n\n\n<li>Colheita em 5-6 meses<\/li>\n\n\n\n<li>Rega ligeira e frequente, mant\u00e9m a humidade.<\/li>\n\n\n\n<li>Pote de 20 litros<\/li>\n<\/ul>\n\n<p class=\"has-vivid-green-cyan-color has-text-color has-medium-font-size\"><strong>Couve-flor<\/strong><\/p>\n<div class=\"wp-block-image is-style-rounded\">\n<figure class=\"alignright size-full is-resized\"><img decoding=\"async\" width=\"760\" height=\"423\" src=\"https:\/\/cultivers.es\/wp-content\/uploads\/2022\/04\/coliflor-760x423-c-default.jpg\" alt=\"\" class=\"wp-image-4355\" style=\"width:157px\" title=\"\" srcset=\"https:\/\/cultivers.es\/wp-content\/uploads\/2022\/04\/coliflor-760x423-c-default.jpg 760w, https:\/\/cultivers.es\/wp-content\/uploads\/2022\/04\/coliflor-760x423-c-default-600x334.jpg 600w, https:\/\/cultivers.es\/wp-content\/uploads\/2022\/04\/coliflor-760x423-c-default-300x167.jpg 300w, https:\/\/cultivers.es\/wp-content\/uploads\/2022\/04\/coliflor-760x423-c-default-480x267.jpg 480w\" sizes=\"(max-width: 760px) 100vw, 760px\" \/><\/figure>\n<\/div>\n<ul class=\"wp-block-list\">\n<li>Semeadura direta ou sementeira<\/li>\n\n\n\n<li>Transplante com 3 a 4 folhas verdadeiras<\/li>\n\n\n\n<li>Germina\u00e7\u00e3o em 5-10 dias<\/li>\n\n\n\n<li>Colheita em 4-6 meses<\/li>\n\n\n\n<li>Rega ligeira e frequente, mant\u00e9m a humidade.<\/li>\n\n\n\n<li>Pote de 20 litros<\/li>\n<\/ul>\n\n<p class=\"has-vivid-green-cyan-color has-text-color has-medium-font-size\"><strong>Col<\/strong><\/p>\n<div class=\"wp-block-image\">\n<figure class=\"alignright size-full is-resized\"><img decoding=\"async\" width=\"415\" height=\"281\" src=\"https:\/\/cultivers.es\/wp-content\/uploads\/2022\/04\/repolloverde.jpg\" alt=\"\" class=\"wp-image-4358\" style=\"width:157px\" title=\"\" srcset=\"https:\/\/cultivers.es\/wp-content\/uploads\/2022\/04\/repolloverde.jpg 415w, https:\/\/cultivers.es\/wp-content\/uploads\/2022\/04\/repolloverde-300x203.jpg 300w\" sizes=\"(max-width: 415px) 100vw, 415px\" \/><\/figure>\n<\/div>\n<ul class=\"wp-block-list\">\n<li>Semeadura direta ou sementeira<\/li>\n\n\n\n<li>Transplante com 3 a 4 folhas verdadeiras<\/li>\n\n\n\n<li>Germina\u00e7\u00e3o em 4-9 dias<\/li>\n\n\n\n<li>Colheita em 5-7 meses<\/li>\n\n\n\n<li>Rega ligeira e frequente, mant\u00e9m a humidade.<\/li>\n\n\n\n<li>Pote de 20 litros<\/li>\n<\/ul>\n\n<p class=\"has-vivid-green-cyan-color has-text-color has-medium-font-size\"><strong>Couve-r\u00e1bano<\/strong><\/p>\n<div class=\"wp-block-image is-style-rounded\">\n<figure class=\"alignright size-full is-resized\"><img decoding=\"async\" width=\"400\" height=\"300\" src=\"https:\/\/cultivers.es\/wp-content\/uploads\/2022\/03\/colinabo-morado.jpg\" alt=\"\" class=\"wp-image-3962\" style=\"width:157px\" title=\"\" srcset=\"https:\/\/cultivers.es\/wp-content\/uploads\/2022\/03\/colinabo-morado.jpg 400w, https:\/\/cultivers.es\/wp-content\/uploads\/2022\/03\/colinabo-morado-300x225.jpg 300w\" sizes=\"(max-width: 400px) 100vw, 400px\" \/><\/figure>\n<\/div>\n<ul class=\"wp-block-list\">\n<li>Semeadura direta ou sementeira<\/li>\n\n\n\n<li>Transplante com 2 ou 3 folhas verdadeiras<\/li>\n\n\n\n<li>Germina\u00e7\u00e3o em 20-25 dias<\/li>\n\n\n\n<li>Colheita em 4-6 meses<\/li>\n\n\n\n<li>Rega ligeira e frequente, mant\u00e9m a humidade.<\/li>\n\n\n\n<li>Navio bastante profundo<\/li>\n<\/ul>\n\n<p class=\"has-vivid-green-cyan-color has-text-color has-medium-font-size\"><strong>Espinafres<\/strong><\/p>\n<div class=\"wp-block-image is-style-rounded\">\n<figure class=\"alignright size-full is-resized\"><img decoding=\"async\" width=\"626\" height=\"328\" src=\"https:\/\/cultivers.es\/wp-content\/uploads\/2021\/09\/espinaca-fresca-fondo-blanco_29402-426.jpg\" alt=\"\" class=\"wp-image-424\" style=\"width:157px;height:117px\" title=\"\" srcset=\"https:\/\/cultivers.es\/wp-content\/uploads\/2021\/09\/espinaca-fresca-fondo-blanco_29402-426.jpg 626w, https:\/\/cultivers.es\/wp-content\/uploads\/2021\/09\/espinaca-fresca-fondo-blanco_29402-426-600x314.jpg 600w, https:\/\/cultivers.es\/wp-content\/uploads\/2021\/09\/espinaca-fresca-fondo-blanco_29402-426-300x157.jpg 300w, https:\/\/cultivers.es\/wp-content\/uploads\/2021\/09\/espinaca-fresca-fondo-blanco_29402-426-480x252.jpg 480w\" sizes=\"(max-width: 626px) 100vw, 626px\" \/><\/figure>\n<\/div>\n<ul class=\"wp-block-list\">\n<li>Semeadura direta de sementes, sem transplante<\/li>\n\n\n\n<li>Enxagua quando as plantas tiverem cerca de 12 cm de comprimento.<\/li>\n\n\n\n<li>Germina\u00e7\u00e3o em 10-12 dias<\/li>\n\n\n\n<li>Colheita em 3-4 meses<\/li>\n\n\n\n<li>Rega ligeira e frequente, mant\u00e9m a humidade.<\/li>\n\n\n\n<li>Recipiente: 3 litros<\/li>\n<\/ul>\n\n<p class=\"has-vivid-green-cyan-color has-text-color has-medium-font-size\"><strong>Morangos<\/strong><\/p>\n<div class=\"wp-block-image is-style-rounded\">\n<figure class=\"alignright size-large is-resized\"><img decoding=\"async\" width=\"1024\" height=\"991\" src=\"https:\/\/cultivers.es\/wp-content\/uploads\/2022\/01\/580b57fcd9996e24bc43c1a0-1024x991.png\" alt=\"\" class=\"wp-image-3549\" style=\"width:127px;height:117px\" title=\"\" srcset=\"https:\/\/cultivers.es\/wp-content\/uploads\/2022\/01\/580b57fcd9996e24bc43c1a0-1024x991.png 1024w, https:\/\/cultivers.es\/wp-content\/uploads\/2022\/01\/580b57fcd9996e24bc43c1a0-600x581.png 600w, https:\/\/cultivers.es\/wp-content\/uploads\/2022\/01\/580b57fcd9996e24bc43c1a0-300x290.png 300w, https:\/\/cultivers.es\/wp-content\/uploads\/2022\/01\/580b57fcd9996e24bc43c1a0-768x743.png 768w, https:\/\/cultivers.es\/wp-content\/uploads\/2022\/01\/580b57fcd9996e24bc43c1a0-1536x1486.png 1536w, https:\/\/cultivers.es\/wp-content\/uploads\/2022\/01\/580b57fcd9996e24bc43c1a0-1080x1045.png 1080w, https:\/\/cultivers.es\/wp-content\/uploads\/2022\/01\/580b57fcd9996e24bc43c1a0-1280x1238.png 1280w, https:\/\/cultivers.es\/wp-content\/uploads\/2022\/01\/580b57fcd9996e24bc43c1a0-980x948.png 980w, https:\/\/cultivers.es\/wp-content\/uploads\/2022\/01\/580b57fcd9996e24bc43c1a0-480x464.png 480w, https:\/\/cultivers.es\/wp-content\/uploads\/2022\/01\/580b57fcd9996e24bc43c1a0.png 1600w\" sizes=\"(max-width: 1024px) 100vw, 1024px\" \/><\/figure>\n<\/div>\n<ul class=\"wp-block-list\">\n<li>Germina\u00e7\u00e3o em 10-20 dias<\/li>\n\n\n\n<li>Transplanta\u00e7\u00e3o no ver\u00e3o<\/li>\n\n\n\n<li>Rega ligeira e frequente, mant\u00e9m a humidade<\/li>\n\n\n\n<li>Recipiente : +5 litros<\/li>\n<\/ul>\n\n<p class=\"has-vivid-green-cyan-color has-text-color has-medium-font-size\"><strong>Feij\u00f5es<\/strong><\/p>\n<div class=\"wp-block-image is-style-rounded\">\n<figure class=\"alignright size-full is-resized\"><img decoding=\"async\" width=\"883\" height=\"720\" src=\"https:\/\/cultivers.es\/wp-content\/uploads\/2022\/01\/green-2505076_960_720.png\" alt=\"\" class=\"wp-image-3550\" style=\"width:157px;height:117px\" title=\"\" srcset=\"https:\/\/cultivers.es\/wp-content\/uploads\/2022\/01\/green-2505076_960_720.png 883w, https:\/\/cultivers.es\/wp-content\/uploads\/2022\/01\/green-2505076_960_720-600x489.png 600w, https:\/\/cultivers.es\/wp-content\/uploads\/2022\/01\/green-2505076_960_720-300x245.png 300w, https:\/\/cultivers.es\/wp-content\/uploads\/2022\/01\/green-2505076_960_720-768x626.png 768w, https:\/\/cultivers.es\/wp-content\/uploads\/2022\/01\/green-2505076_960_720-480x391.png 480w\" sizes=\"(max-width: 883px) 100vw, 883px\" \/><\/figure>\n<\/div>\n<ul class=\"wp-block-list\">\n<li>Semeadura direta<\/li>\n\n\n\n<li>Germina\u00e7\u00e3o em 6-12 dias<\/li>\n\n\n\n<li>Colheita a partir das 8-10 semanas de idade  <\/li>\n\n\n\n<li>Rega ligeira e frequente, mant\u00e9m a humidade.<\/li>\n\n\n\n<li>Contentor m\u00ednimo 15 litros<\/li>\n<\/ul>\n\n<p class=\"has-vivid-green-cyan-color has-text-color has-medium-font-size\"><strong>Milho<\/strong><\/p>\n<div class=\"wp-block-image is-style-rounded\">\n<figure class=\"alignright size-full is-resized\"><img decoding=\"async\" width=\"600\" height=\"600\" src=\"https:\/\/cultivers.es\/wp-content\/uploads\/2022\/02\/d3aa9a0de485116ca93e3bb2077a4bfb-600x600-1.jpg\" alt=\"\" class=\"wp-image-3804\" style=\"width:130px;height:117px\" title=\"\" srcset=\"https:\/\/cultivers.es\/wp-content\/uploads\/2022\/02\/d3aa9a0de485116ca93e3bb2077a4bfb-600x600-1.jpg 600w, https:\/\/cultivers.es\/wp-content\/uploads\/2022\/02\/d3aa9a0de485116ca93e3bb2077a4bfb-600x600-1-300x300.jpg 300w, https:\/\/cultivers.es\/wp-content\/uploads\/2022\/02\/d3aa9a0de485116ca93e3bb2077a4bfb-600x600-1-100x100.jpg 100w, https:\/\/cultivers.es\/wp-content\/uploads\/2022\/02\/d3aa9a0de485116ca93e3bb2077a4bfb-600x600-1-150x150.jpg 150w, https:\/\/cultivers.es\/wp-content\/uploads\/2022\/02\/d3aa9a0de485116ca93e3bb2077a4bfb-600x600-1-480x480.jpg 480w\" sizes=\"(max-width: 600px) 100vw, 600px\" \/><\/figure>\n<\/div>\n<ul class=\"wp-block-list\">\n<li>Prefere a sementeira direta<\/li>\n\n\n\n<li>Germina\u00e7\u00e3o em 5-10 dias<\/li>\n\n\n\n<li>Colheita em 3-4 meses, dependendo da variedade<\/li>\n\n\n\n<li>Rega frequente, mant\u00e9m a humidade<\/li>\n\n\n\n<li>Recipiente m\u00ednimo de 20 litros<\/li>\n<\/ul>\n\n<p class=\"has-vivid-green-cyan-color has-text-color has-medium-font-size\"><strong>Mel\u00e3o<\/strong><\/p>\n<div class=\"wp-block-image is-style-rounded\">\n<figure class=\"alignright size-full is-resized\"><img decoding=\"async\" width=\"340\" height=\"340\" src=\"https:\/\/cultivers.es\/wp-content\/uploads\/2022\/01\/melon_PNG14368.png\" alt=\"\" class=\"wp-image-3551\" style=\"width:157px;height:160px\" title=\"\" srcset=\"https:\/\/cultivers.es\/wp-content\/uploads\/2022\/01\/melon_PNG14368.png 340w, https:\/\/cultivers.es\/wp-content\/uploads\/2022\/01\/melon_PNG14368-300x300.png 300w, https:\/\/cultivers.es\/wp-content\/uploads\/2022\/01\/melon_PNG14368-100x100.png 100w, https:\/\/cultivers.es\/wp-content\/uploads\/2022\/01\/melon_PNG14368-150x150.png 150w\" sizes=\"(max-width: 340px) 100vw, 340px\" \/><\/figure>\n<\/div>\n<ul class=\"wp-block-list\">\n<li>Sementeira direta ou transplante de sementeira<\/li>\n\n\n\n<li>Germina\u00e7\u00e3o em 5-15 dias<\/li>\n\n\n\n<li>Transplanta\u00e7\u00e3o a partir da 4\u00aa folha verdadeira<\/li>\n\n\n\n<li>Recolhe a partir dos 3 meses<\/li>\n\n\n\n<li>Rega frequente, mant\u00e9m a humidade<\/li>\n\n\n\n<li>Contentor m\u00ednimo de 25 litros<\/li>\n<\/ul>\n\n<p class=\"has-vivid-green-cyan-color has-text-color has-medium-font-size\"><strong><a href=\"https:\/\/cultivers.es\/pt-pt\/blog\/guia-de-cultivo-de-alface\/\" target=\"_blank\" rel=\"noreferrer noopener\">Alface<\/a><\/strong><\/p>\n<div class=\"wp-block-image is-style-rounded\">\n<figure class=\"alignright size-full is-resized\"><img decoding=\"async\" width=\"910\" height=\"607\" src=\"https:\/\/cultivers.es\/wp-content\/uploads\/2021\/09\/salad-green-vegetables-meals.jpg\" alt=\"\" class=\"wp-image-427\" style=\"width:157px;height:117px\" title=\"\" srcset=\"https:\/\/cultivers.es\/wp-content\/uploads\/2021\/09\/salad-green-vegetables-meals.jpg 910w, https:\/\/cultivers.es\/wp-content\/uploads\/2021\/09\/salad-green-vegetables-meals-600x400.jpg 600w, https:\/\/cultivers.es\/wp-content\/uploads\/2021\/09\/salad-green-vegetables-meals-300x200.jpg 300w, https:\/\/cultivers.es\/wp-content\/uploads\/2021\/09\/salad-green-vegetables-meals-768x512.jpg 768w, https:\/\/cultivers.es\/wp-content\/uploads\/2021\/09\/salad-green-vegetables-meals-480x320.jpg 480w\" sizes=\"(max-width: 910px) 100vw, 910px\" \/><\/figure>\n<\/div>\n<ul class=\"wp-block-list\">\n<li>Semeadura em mudas, vasos de turfa<\/li>\n\n\n\n<li>Transplanta quando tiveres 4-5 folhas verdadeiras<\/li>\n\n\n\n<li>Germina\u00e7\u00e3o em 6-8 dias<\/li>\n\n\n\n<li>Colheita em 2-4 meses<\/li>\n\n\n\n<li>Podes recolher as folhas \u00e0 medida que precisares delas<\/li>\n\n\n\n<li>Rega ligeira e frequente, mant\u00e9m a humidade.<\/li>\n\n\n\n<li>Recipiente: 3 litros<\/li>\n<\/ul>\n\n<p class=\"has-vivid-green-cyan-color has-text-color has-medium-font-size\"><strong>Batatas<\/strong><\/p>\n<div class=\"wp-block-image is-style-rounded\">\n<figure class=\"alignright size-large is-resized\"><img decoding=\"async\" width=\"1024\" height=\"576\" src=\"https:\/\/cultivers.es\/wp-content\/uploads\/2022\/02\/cocer-patata-1280x720x80xX-1024x576.jpg\" alt=\"\" class=\"wp-image-3803\" style=\"width:157px;height:100px\" title=\"\" srcset=\"https:\/\/cultivers.es\/wp-content\/uploads\/2022\/02\/cocer-patata-1280x720x80xX-1024x576.jpg 1024w, https:\/\/cultivers.es\/wp-content\/uploads\/2022\/02\/cocer-patata-1280x720x80xX-600x338.jpg 600w, https:\/\/cultivers.es\/wp-content\/uploads\/2022\/02\/cocer-patata-1280x720x80xX-300x169.jpg 300w, https:\/\/cultivers.es\/wp-content\/uploads\/2022\/02\/cocer-patata-1280x720x80xX-768x432.jpg 768w, https:\/\/cultivers.es\/wp-content\/uploads\/2022\/02\/cocer-patata-1280x720x80xX-1080x608.jpg 1080w, https:\/\/cultivers.es\/wp-content\/uploads\/2022\/02\/cocer-patata-1280x720x80xX-980x551.jpg 980w, https:\/\/cultivers.es\/wp-content\/uploads\/2022\/02\/cocer-patata-1280x720x80xX-480x270.jpg 480w, https:\/\/cultivers.es\/wp-content\/uploads\/2022\/02\/cocer-patata-1280x720x80xX.jpg 1280w\" sizes=\"(max-width: 1024px) 100vw, 1024px\" \/><\/figure>\n<\/div>\n<ul class=\"wp-block-list\">\n<li>Semeadura direta.<\/li>\n\n\n\n<li>Podes colocar os tub\u00e9rculos inteiros ou cort\u00e1-los em peda\u00e7os<\/li>\n\n\n\n<li>Necessita de muita mat\u00e9ria org\u00e2nica<\/li>\n\n\n\n<li>Rega uma vez por semana \u00e9 suficiente.<\/li>\n\n\n\n<li>Colhe de 3 meses de batata precoce a 6 meses de batata velha.<\/li>\n\n\n\n<li>Contentor m\u00ednimo 30 litros<\/li>\n<\/ul>\n\n<p class=\"has-vivid-green-cyan-color has-text-color has-medium-font-size\"><strong>Pepino<\/strong><\/p>\n<div class=\"wp-block-image is-style-rounded\">\n<figure class=\"alignright size-full is-resized\"><img decoding=\"async\" width=\"968\" height=\"726\" src=\"https:\/\/cultivers.es\/wp-content\/uploads\/2022\/02\/PEPINO-buena.jpg\" alt=\"\" class=\"wp-image-3805\" style=\"width:157px;height:117px\" title=\"\" srcset=\"https:\/\/cultivers.es\/wp-content\/uploads\/2022\/02\/PEPINO-buena.jpg 968w, https:\/\/cultivers.es\/wp-content\/uploads\/2022\/02\/PEPINO-buena-600x450.jpg 600w, https:\/\/cultivers.es\/wp-content\/uploads\/2022\/02\/PEPINO-buena-300x225.jpg 300w, https:\/\/cultivers.es\/wp-content\/uploads\/2022\/02\/PEPINO-buena-768x576.jpg 768w, https:\/\/cultivers.es\/wp-content\/uploads\/2022\/02\/PEPINO-buena-510x382.jpg 510w, https:\/\/cultivers.es\/wp-content\/uploads\/2022\/02\/PEPINO-buena-480x360.jpg 480w\" sizes=\"(max-width: 968px) 100vw, 968px\" \/><\/figure>\n<\/div>\n<ul class=\"wp-block-list\">\n<li>Germina\u00e7\u00e3o em 8-15 dias<\/li>\n\n\n\n<li>Transplanta 2 a 3 folhas verdadeiras.<\/li>\n\n\n\n<li>Colheita por volta dos 2 meses e meio.<\/li>\n\n\n\n<li>Rega ligeira e frequente<\/li>\n\n\n\n<li>Necessita de exposi\u00e7\u00e3o solar<\/li>\n\n\n\n<li>Litros m\u00ednimos do contentor<\/li>\n<\/ul>\n\n<p class=\"has-vivid-green-cyan-color has-text-color has-medium-font-size\"><strong>Pimentos<\/strong><\/p>\n<div class=\"wp-block-image is-style-rounded\">\n<figure class=\"alignright size-large is-resized\"><img decoding=\"async\" width=\"1024\" height=\"576\" src=\"https:\/\/cultivers.es\/wp-content\/uploads\/2021\/12\/Pepper_White_background_Multicolor_567504_2560x1440-1024x576.jpg\" alt=\"\" class=\"wp-image-2257\" style=\"width:157px;height:117px\" title=\"\" srcset=\"https:\/\/cultivers.es\/wp-content\/uploads\/2021\/12\/Pepper_White_background_Multicolor_567504_2560x1440-1024x576.jpg 1024w, https:\/\/cultivers.es\/wp-content\/uploads\/2021\/12\/Pepper_White_background_Multicolor_567504_2560x1440-600x338.jpg 600w, https:\/\/cultivers.es\/wp-content\/uploads\/2021\/12\/Pepper_White_background_Multicolor_567504_2560x1440-300x169.jpg 300w, https:\/\/cultivers.es\/wp-content\/uploads\/2021\/12\/Pepper_White_background_Multicolor_567504_2560x1440-768x432.jpg 768w, https:\/\/cultivers.es\/wp-content\/uploads\/2021\/12\/Pepper_White_background_Multicolor_567504_2560x1440-1536x864.jpg 1536w, https:\/\/cultivers.es\/wp-content\/uploads\/2021\/12\/Pepper_White_background_Multicolor_567504_2560x1440-2048x1152.jpg 2048w, https:\/\/cultivers.es\/wp-content\/uploads\/2021\/12\/Pepper_White_background_Multicolor_567504_2560x1440-1080x608.jpg 1080w, https:\/\/cultivers.es\/wp-content\/uploads\/2021\/12\/Pepper_White_background_Multicolor_567504_2560x1440-1280x720.jpg 1280w, https:\/\/cultivers.es\/wp-content\/uploads\/2021\/12\/Pepper_White_background_Multicolor_567504_2560x1440-980x551.jpg 980w, https:\/\/cultivers.es\/wp-content\/uploads\/2021\/12\/Pepper_White_background_Multicolor_567504_2560x1440-480x270.jpg 480w\" sizes=\"(max-width: 1024px) 100vw, 1024px\" \/><\/figure>\n<\/div>\n<ul class=\"wp-block-list\">\n<li>Semeadura em canteiro quente ou estufa<\/li>\n\n\n\n<li>Transplanta quando tiveres 10-15 cm<\/li>\n\n\n\n<li>Germina\u00e7\u00e3o em 10-15 dias<\/li>\n\n\n\n<li>Colheita em 5-7 meses<\/li>\n\n\n\n<li>Rega ligeira e frequente, mant\u00e9m a humidade.<\/li>\n\n\n\n<li>Precisa de muita exposi\u00e7\u00e3o solar.<\/li>\n\n\n\n<li>Recipiente: 15 litros<\/li>\n<\/ul>\n\n<p class=\"has-vivid-green-cyan-color has-text-color has-medium-font-size\"><strong>Alho franc\u00eas<\/strong><\/p>\n<div class=\"wp-block-image is-style-rounded\">\n<figure class=\"alignright size-large is-resized\"><img decoding=\"async\" width=\"1024\" height=\"492\" src=\"https:\/\/cultivers.es\/wp-content\/uploads\/2021\/09\/ponga-verde-el-puerro-en-el-fondo-blanco-28610971-1024x492.jpg\" alt=\"\" class=\"wp-image-429\" style=\"width:157px;height:117px\" title=\"\" srcset=\"https:\/\/cultivers.es\/wp-content\/uploads\/2021\/09\/ponga-verde-el-puerro-en-el-fondo-blanco-28610971-1024x492.jpg 1024w, https:\/\/cultivers.es\/wp-content\/uploads\/2021\/09\/ponga-verde-el-puerro-en-el-fondo-blanco-28610971-600x288.jpg 600w, https:\/\/cultivers.es\/wp-content\/uploads\/2021\/09\/ponga-verde-el-puerro-en-el-fondo-blanco-28610971-300x144.jpg 300w, https:\/\/cultivers.es\/wp-content\/uploads\/2021\/09\/ponga-verde-el-puerro-en-el-fondo-blanco-28610971-768x369.jpg 768w, https:\/\/cultivers.es\/wp-content\/uploads\/2021\/09\/ponga-verde-el-puerro-en-el-fondo-blanco-28610971-1536x738.jpg 1536w, https:\/\/cultivers.es\/wp-content\/uploads\/2021\/09\/ponga-verde-el-puerro-en-el-fondo-blanco-28610971-1080x519.jpg 1080w, https:\/\/cultivers.es\/wp-content\/uploads\/2021\/09\/ponga-verde-el-puerro-en-el-fondo-blanco-28610971-1280x615.jpg 1280w, https:\/\/cultivers.es\/wp-content\/uploads\/2021\/09\/ponga-verde-el-puerro-en-el-fondo-blanco-28610971-980x471.jpg 980w, https:\/\/cultivers.es\/wp-content\/uploads\/2021\/09\/ponga-verde-el-puerro-en-el-fondo-blanco-28610971-480x231.jpg 480w, https:\/\/cultivers.es\/wp-content\/uploads\/2021\/09\/ponga-verde-el-puerro-en-el-fondo-blanco-28610971.jpg 1600w\" sizes=\"(max-width: 1024px) 100vw, 1024px\" \/><\/figure>\n<\/div>\n<ul class=\"wp-block-list\">\n<li>Sementeira direta ou sementeira em canteiro<\/li>\n\n\n\n<li>Plantas espa\u00e7adas de 15 cent\u00edmetros<\/li>\n\n\n\n<li>Germina\u00e7\u00e3o em 12-15 dias<\/li>\n\n\n\n<li>Colheita em 5 meses<\/li>\n\n\n\n<li>Rega ligeira, mant\u00e9m a humidade<\/li>\n\n\n\n<li>Recipiente: 5 litros, profundidade m\u00ednima: 25-30 cm.<\/li>\n<\/ul>\n\n<p class=\"has-vivid-green-cyan-color has-text-color has-medium-font-size\"><strong>Rabanetes<\/strong><\/p>\n<div class=\"wp-block-image is-style-rounded\">\n<figure class=\"alignright size-full is-resized\"><img decoding=\"async\" width=\"450\" height=\"333\" src=\"https:\/\/cultivers.es\/wp-content\/uploads\/2021\/09\/45821222-rabanos-pequenos-aislados-sobre-fondo-blanco.jpg\" alt=\"\" class=\"wp-image-430\" style=\"width:157px;height:117px\" title=\"\" srcset=\"https:\/\/cultivers.es\/wp-content\/uploads\/2021\/09\/45821222-rabanos-pequenos-aislados-sobre-fondo-blanco.jpg 450w, https:\/\/cultivers.es\/wp-content\/uploads\/2021\/09\/45821222-rabanos-pequenos-aislados-sobre-fondo-blanco-300x222.jpg 300w\" sizes=\"(max-width: 450px) 100vw, 450px\" \/><\/figure>\n<\/div>\n<ul class=\"wp-block-list\">\n<li>Semeadura direta de sementes, sem transplante<\/li>\n\n\n\n<li>Germina\u00e7\u00e3o em 6-8 dias<\/li>\n\n\n\n<li>Colheita em 4-5 semanas<\/li>\n\n\n\n<li>Rega suave todos os dias para manter a humidade<\/li>\n\n\n\n<li>Recipiente: 2 litros<\/li>\n\n\n\n<li>Cresce de forma r\u00e1pida e f\u00e1cil<\/li>\n<\/ul>\n\n<p class=\"has-vivid-green-cyan-color has-text-color has-medium-font-size\"><strong>Beterraba<\/strong><\/p>\n<div class=\"wp-block-image is-style-rounded\">\n<figure class=\"alignright size-full is-resized\"><img decoding=\"async\" width=\"626\" height=\"573\" src=\"https:\/\/cultivers.es\/wp-content\/uploads\/2021\/12\/remolacha-fresca-aislado-sobre-fondo-blanco-trazado-recorte_88281-4967.jpg\" alt=\"\" class=\"wp-image-2258\" style=\"width:157px;height:117px\" title=\"\" srcset=\"https:\/\/cultivers.es\/wp-content\/uploads\/2021\/12\/remolacha-fresca-aislado-sobre-fondo-blanco-trazado-recorte_88281-4967.jpg 626w, https:\/\/cultivers.es\/wp-content\/uploads\/2021\/12\/remolacha-fresca-aislado-sobre-fondo-blanco-trazado-recorte_88281-4967-600x549.jpg 600w, https:\/\/cultivers.es\/wp-content\/uploads\/2021\/12\/remolacha-fresca-aislado-sobre-fondo-blanco-trazado-recorte_88281-4967-300x275.jpg 300w, https:\/\/cultivers.es\/wp-content\/uploads\/2021\/12\/remolacha-fresca-aislado-sobre-fondo-blanco-trazado-recorte_88281-4967-480x439.jpg 480w\" sizes=\"(max-width: 626px) 100vw, 626px\" \/><\/figure>\n<\/div>\n<ul class=\"wp-block-list\">\n<li>Semeadura direta a partir de sementes ou em canteiros<\/li>\n\n\n\n<li>Enxagua quando as plantas tiverem cerca de 12 cm de comprimento.<\/li>\n\n\n\n<li>Germina\u00e7\u00e3o em 8-12 dias<\/li>\n\n\n\n<li>Colheita em 3-4 meses<\/li>\n\n\n\n<li>Rega ligeira apenas para manter a humidade<\/li>\n\n\n\n<li>Recipiente: 5 litros<\/li>\n<\/ul>\n\n<p class=\"has-vivid-green-cyan-color has-text-color has-medium-font-size\"><strong>Melancia<\/strong><\/p>\n<div class=\"wp-block-image is-style-rounded\">\n<figure class=\"alignright size-large is-resized\"><img decoding=\"async\" width=\"1024\" height=\"757\" src=\"https:\/\/cultivers.es\/wp-content\/uploads\/2022\/01\/580b57fcd9996e24bc43c1a6-1024x757.png\" alt=\"\" class=\"wp-image-3553\" style=\"width:157px;height:117px\" title=\"\" srcset=\"https:\/\/cultivers.es\/wp-content\/uploads\/2022\/01\/580b57fcd9996e24bc43c1a6-1024x757.png 1024w, https:\/\/cultivers.es\/wp-content\/uploads\/2022\/01\/580b57fcd9996e24bc43c1a6-600x444.png 600w, https:\/\/cultivers.es\/wp-content\/uploads\/2022\/01\/580b57fcd9996e24bc43c1a6-300x222.png 300w, https:\/\/cultivers.es\/wp-content\/uploads\/2022\/01\/580b57fcd9996e24bc43c1a6-768x568.png 768w, https:\/\/cultivers.es\/wp-content\/uploads\/2022\/01\/580b57fcd9996e24bc43c1a6-1536x1136.png 1536w, https:\/\/cultivers.es\/wp-content\/uploads\/2022\/01\/580b57fcd9996e24bc43c1a6-2048x1514.png 2048w, https:\/\/cultivers.es\/wp-content\/uploads\/2022\/01\/580b57fcd9996e24bc43c1a6-1080x799.png 1080w, https:\/\/cultivers.es\/wp-content\/uploads\/2022\/01\/580b57fcd9996e24bc43c1a6-1280x947.png 1280w, https:\/\/cultivers.es\/wp-content\/uploads\/2022\/01\/580b57fcd9996e24bc43c1a6-980x725.png 980w, https:\/\/cultivers.es\/wp-content\/uploads\/2022\/01\/580b57fcd9996e24bc43c1a6-480x355.png 480w\" sizes=\"(max-width: 1024px) 100vw, 1024px\" \/><\/figure>\n<\/div>\n<ul class=\"wp-block-list\">\n<li>Sementeira direta ou transplante de sementeira<\/li>\n\n\n\n<li>Germina\u00e7\u00e3o em 5-10 dias<\/li>\n\n\n\n<li>Transplanta\u00e7\u00e3o a partir da 4\u00aa folha verdadeira<\/li>\n\n\n\n<li>Recolhe a partir dos 4 meses<\/li>\n\n\n\n<li>Rega frequente, mant\u00e9m a humidade<\/li>\n\n\n\n<li>Contentor m\u00ednimo de 25 litros<\/li>\n<\/ul>\n\n<p class=\"has-vivid-green-cyan-color has-text-color has-medium-font-size\"><strong><a href=\"https:\/\/cultivers.es\/pt-pt\/blog\/guia-de-cultivo-do-tomate\/\">Tomates<\/a><\/strong><\/p>\n<div class=\"wp-block-image is-style-rounded\">\n<figure class=\"alignright size-full is-resized\"><img decoding=\"async\" width=\"400\" height=\"400\" src=\"https:\/\/cultivers.es\/wp-content\/uploads\/2021\/12\/580b57fcd9996e24bc43c23b.png\" alt=\"\" class=\"wp-image-2259\" style=\"width:157px;height:117px\" title=\"\" srcset=\"https:\/\/cultivers.es\/wp-content\/uploads\/2021\/12\/580b57fcd9996e24bc43c23b.png 400w, https:\/\/cultivers.es\/wp-content\/uploads\/2021\/12\/580b57fcd9996e24bc43c23b-300x300.png 300w, https:\/\/cultivers.es\/wp-content\/uploads\/2021\/12\/580b57fcd9996e24bc43c23b-100x100.png 100w, https:\/\/cultivers.es\/wp-content\/uploads\/2021\/12\/580b57fcd9996e24bc43c23b-150x150.png 150w\" sizes=\"(max-width: 400px) 100vw, 400px\" \/><\/figure>\n<\/div>\n<ul class=\"wp-block-list\">\n<li>Semeadura em canteiro quente ou estufa<\/li>\n\n\n\n<li>Transplanta quando tiveres cerca de 10 cm<\/li>\n\n\n\n<li>Germina\u00e7\u00e3o em 7-15 dias<\/li>\n\n\n\n<li>Colheita em 4 e 9 meses, consoante o tipo de tomate.<\/li>\n\n\n\n<li>Rega espa\u00e7ada na primavera e rega curta e cont\u00ednua no ver\u00e3o.<\/li>\n\n\n\n<li>Precisa de muita exposi\u00e7\u00e3o solar.<\/li>\n\n\n\n<li>Recipiente: 25-30 litros<\/li>\n<\/ul>\n\n<p class=\"has-vivid-green-cyan-color has-text-color has-medium-font-size\"><strong><a href=\"https:\/\/cultivers.es\/pt-pt\/blog\/guia-de-cultivo-de-cenouras\/\">Cenouras<\/a><\/strong><\/p>\n<div class=\"wp-block-image is-style-rounded\">\n<figure class=\"alignright size-full is-resized\"><img decoding=\"async\" width=\"612\" height=\"408\" src=\"https:\/\/cultivers.es\/wp-content\/uploads\/2021\/09\/istockphoto-471359531-612x612-1.jpg\" alt=\"\" class=\"wp-image-432\" style=\"width:157px;height:117px\" title=\"\" srcset=\"https:\/\/cultivers.es\/wp-content\/uploads\/2021\/09\/istockphoto-471359531-612x612-1.jpg 612w, https:\/\/cultivers.es\/wp-content\/uploads\/2021\/09\/istockphoto-471359531-612x612-1-600x400.jpg 600w, https:\/\/cultivers.es\/wp-content\/uploads\/2021\/09\/istockphoto-471359531-612x612-1-300x200.jpg 300w, https:\/\/cultivers.es\/wp-content\/uploads\/2021\/09\/istockphoto-471359531-612x612-1-480x320.jpg 480w\" sizes=\"(max-width: 612px) 100vw, 612px\" \/><\/figure>\n<\/div>\n<ul class=\"wp-block-list\">\n<li>Semeadura direta de sementes, sem transplante<\/li>\n\n\n\n<li>Germina\u00e7\u00e3o em 12-15 dias<\/li>\n\n\n\n<li>Colheita em 3-4 meses<\/li>\n\n\n\n<li>Rega suave todos os dias para manter a humidade<\/li>\n\n\n\n<li>M\u00ednimo de 20 cm de profundidade de substrato e recipiente de 3 litros<\/li>\n<\/ul>\n\n<p class=\"has-text-align-center has-black-color has-text-color\" style=\"font-size:30px\"><strong>Plantas Arom\u00e1ticas e Ben\u00e9ficas para Semear.<\/strong><\/p>\n\n<p class=\"has-vivid-green-cyan-color has-text-color has-medium-font-size\"><strong>Manjeric\u00e3o<\/strong><\/p>\n<div class=\"wp-block-image is-style-rounded\">\n<figure class=\"alignright size-full is-resized\"><img decoding=\"async\" width=\"790\" height=\"494\" src=\"https:\/\/cultivers.es\/wp-content\/uploads\/2022\/04\/Albahaca-Morada2.jpg\" alt=\"\" class=\"wp-image-4360\" style=\"width:157px\" title=\"\" srcset=\"https:\/\/cultivers.es\/wp-content\/uploads\/2022\/04\/Albahaca-Morada2.jpg 790w, https:\/\/cultivers.es\/wp-content\/uploads\/2022\/04\/Albahaca-Morada2-600x375.jpg 600w, https:\/\/cultivers.es\/wp-content\/uploads\/2022\/04\/Albahaca-Morada2-300x188.jpg 300w, https:\/\/cultivers.es\/wp-content\/uploads\/2022\/04\/Albahaca-Morada2-768x480.jpg 768w, https:\/\/cultivers.es\/wp-content\/uploads\/2022\/04\/Albahaca-Morada2-400x250.jpg 400w, https:\/\/cultivers.es\/wp-content\/uploads\/2022\/04\/Albahaca-Morada2-480x300.jpg 480w\" sizes=\"(max-width: 790px) 100vw, 790px\" \/><\/figure>\n<\/div>\n<ul class=\"wp-block-list\">\n<li>Semeadura direta de sementes ou em canteiros<\/li>\n\n\n\n<li>Germina\u00e7\u00e3o em 10-15 dias<\/li>\n\n\n\n<li>Colheita a partir de 2 meses<\/li>\n\n\n\n<li>Podes recolher as folhas \u00e0 medida que precisares delas<\/li>\n\n\n\n<li>Rega abundante sem encharcamento<\/li>\n\n\n\n<li>Recipiente m\u00ednimo de 5 litros<\/li>\n<\/ul>\n\n<p class=\"has-vivid-green-cyan-color has-text-color has-medium-font-size\"><strong>Cebolinho<\/strong><\/p>\n\n<ul class=\"wp-block-list\">\n<li>Semeadura direta de sementes<\/li>\n<\/ul>\n<div class=\"wp-block-image is-style-rounded\">\n<figure class=\"alignright size-full is-resized\"><img decoding=\"async\" width=\"900\" height=\"675\" src=\"https:\/\/cultivers.es\/wp-content\/uploads\/2022\/04\/cover.jpg\" alt=\"\" class=\"wp-image-4361\" style=\"width:157px\" title=\"\" srcset=\"https:\/\/cultivers.es\/wp-content\/uploads\/2022\/04\/cover.jpg 900w, https:\/\/cultivers.es\/wp-content\/uploads\/2022\/04\/cover-600x450.jpg 600w, https:\/\/cultivers.es\/wp-content\/uploads\/2022\/04\/cover-300x225.jpg 300w, https:\/\/cultivers.es\/wp-content\/uploads\/2022\/04\/cover-768x576.jpg 768w, https:\/\/cultivers.es\/wp-content\/uploads\/2022\/04\/cover-510x382.jpg 510w, https:\/\/cultivers.es\/wp-content\/uploads\/2022\/04\/cover-480x360.jpg 480w\" sizes=\"(max-width: 900px) 100vw, 900px\" \/><\/figure>\n<\/div>\n<ul class=\"wp-block-list\">\n<li>Germina\u00e7\u00e3o em 10-20 dias<\/li>\n\n\n\n<li>Colhe quando os caules tiverem 15-20 cent\u00edmetros de comprimento.<\/li>\n\n\n\n<li>As suas flores s\u00e3o comest\u00edveis<\/li>\n\n\n\n<li>Dura at\u00e9 10 anos<\/li>\n\n\n\n<li>Crescimento r\u00e1pido<\/li>\n\n\n\n<li>Rega ligeira, n\u00e3o demasiado abundante<\/li>\n\n\n\n<li>Recipiente m\u00ednimo de 20 litros<\/li>\n<\/ul>\n\n<p class=\"has-vivid-green-cyan-color has-text-color has-medium-font-size\"><strong>Salsa<\/strong><\/p>\n<div class=\"wp-block-image is-style-rounded\">\n<figure class=\"alignright size-full is-resized\"><img decoding=\"async\" width=\"860\" height=\"882\" src=\"https:\/\/cultivers.es\/wp-content\/uploads\/2021\/09\/63-634514_hojas-de-perejil-png-png-download-hoja-de.png\" alt=\"\" class=\"wp-image-481\" style=\"width:157px;height:130px\" title=\"\" srcset=\"https:\/\/cultivers.es\/wp-content\/uploads\/2021\/09\/63-634514_hojas-de-perejil-png-png-download-hoja-de.png 860w, https:\/\/cultivers.es\/wp-content\/uploads\/2021\/09\/63-634514_hojas-de-perejil-png-png-download-hoja-de-600x615.png 600w, https:\/\/cultivers.es\/wp-content\/uploads\/2021\/09\/63-634514_hojas-de-perejil-png-png-download-hoja-de-293x300.png 293w, https:\/\/cultivers.es\/wp-content\/uploads\/2021\/09\/63-634514_hojas-de-perejil-png-png-download-hoja-de-768x788.png 768w, https:\/\/cultivers.es\/wp-content\/uploads\/2021\/09\/63-634514_hojas-de-perejil-png-png-download-hoja-de-480x492.png 480w\" sizes=\"(max-width: 860px) 100vw, 860px\" \/><\/figure>\n<\/div>\n<ul class=\"wp-block-list\">\n<li>Semeadura direta de sementes, sem transplante<\/li>\n\n\n\n<li>Germina\u00e7\u00e3o em 15-30 dias<\/li>\n\n\n\n<li>Colheita em 2-3 meses<\/li>\n\n\n\n<li>Podes recolher as folhas \u00e0 medida que precisares delas<\/li>\n\n\n\n<li>Rega suave para manter a humidade<\/li>\n\n\n\n<li>Recipiente m\u00ednimo de 5 litros<\/li>\n<\/ul>\n\n<p><\/p>\n\n<p class=\"has-text-align-center has-black-color has-text-color\" style=\"font-size:30px\"><strong>Flores que podemos plantar na nossa horta.<\/strong><\/p>\n\n<p class=\"has-vivid-green-cyan-color has-text-color has-medium-font-size\"><strong>Alegria<\/strong><\/p>\n<div class=\"wp-block-image is-style-rounded\">\n<figure class=\"alignright size-large is-resized\"><img decoding=\"async\" width=\"1024\" height=\"768\" src=\"https:\/\/cultivers.es\/wp-content\/uploads\/2022\/04\/impatiens-hawkeri-1024x768.jpg\" alt=\"\" class=\"wp-image-4362\" style=\"width:157px\" title=\"\" srcset=\"https:\/\/cultivers.es\/wp-content\/uploads\/2022\/04\/impatiens-hawkeri-1024x768.jpg 1024w, https:\/\/cultivers.es\/wp-content\/uploads\/2022\/04\/impatiens-hawkeri-600x450.jpg 600w, https:\/\/cultivers.es\/wp-content\/uploads\/2022\/04\/impatiens-hawkeri-300x225.jpg 300w, https:\/\/cultivers.es\/wp-content\/uploads\/2022\/04\/impatiens-hawkeri-768x576.jpg 768w, https:\/\/cultivers.es\/wp-content\/uploads\/2022\/04\/impatiens-hawkeri-1536x1151.jpg 1536w, https:\/\/cultivers.es\/wp-content\/uploads\/2022\/04\/impatiens-hawkeri-510x382.jpg 510w, https:\/\/cultivers.es\/wp-content\/uploads\/2022\/04\/impatiens-hawkeri-1080x809.jpg 1080w, https:\/\/cultivers.es\/wp-content\/uploads\/2022\/04\/impatiens-hawkeri-1280x959.jpg 1280w, https:\/\/cultivers.es\/wp-content\/uploads\/2022\/04\/impatiens-hawkeri-980x735.jpg 980w, https:\/\/cultivers.es\/wp-content\/uploads\/2022\/04\/impatiens-hawkeri-480x360.jpg 480w, https:\/\/cultivers.es\/wp-content\/uploads\/2022\/04\/impatiens-hawkeri.jpg 2048w\" sizes=\"(max-width: 1024px) 100vw, 1024px\" \/><\/figure>\n<\/div>\n<ul class=\"wp-block-list\">\n<li>Semear a partir de sementes<\/li>\n\n\n\n<li>Germina\u00e7\u00e3o 15-20 dias<\/li>\n\n\n\n<li>Prefere a meia-sombra, mas tolera a exposi\u00e7\u00e3o total ao sol.<\/li>\n\n\n\n<li>No interior, precisa de muita luz<\/li>\n\n\n\n<li>Rega abundante<\/li>\n\n\n\n<li>Multiplica\u00e7\u00e3o por estacas<\/li>\n<\/ul>\n\n<p class=\"has-vivid-green-cyan-color has-text-color has-medium-font-size\"><strong>Tagete<\/strong><\/p>\n<div class=\"wp-block-image is-style-rounded\">\n<figure class=\"alignright size-large is-resized\"><img decoding=\"async\" width=\"1024\" height=\"814\" src=\"https:\/\/cultivers.es\/wp-content\/uploads\/2022\/04\/1200px-French_marigold-1024x814.jpg\" alt=\"\" class=\"wp-image-4365\" style=\"width:157px;height:130px\" title=\"\" srcset=\"https:\/\/cultivers.es\/wp-content\/uploads\/2022\/04\/1200px-French_marigold-1024x814.jpg 1024w, https:\/\/cultivers.es\/wp-content\/uploads\/2022\/04\/1200px-French_marigold-600x477.jpg 600w, https:\/\/cultivers.es\/wp-content\/uploads\/2022\/04\/1200px-French_marigold-300x239.jpg 300w, https:\/\/cultivers.es\/wp-content\/uploads\/2022\/04\/1200px-French_marigold-768x611.jpg 768w, https:\/\/cultivers.es\/wp-content\/uploads\/2022\/04\/1200px-French_marigold-1080x859.jpg 1080w, https:\/\/cultivers.es\/wp-content\/uploads\/2022\/04\/1200px-French_marigold-980x779.jpg 980w, https:\/\/cultivers.es\/wp-content\/uploads\/2022\/04\/1200px-French_marigold-480x382.jpg 480w, https:\/\/cultivers.es\/wp-content\/uploads\/2022\/04\/1200px-French_marigold.jpg 1200w\" sizes=\"(max-width: 1024px) 100vw, 1024px\" \/><\/figure>\n<\/div>\n<ul class=\"wp-block-list\">\n<li>Sementeira direta por difus\u00e3o<\/li>\n\n\n\n<li>Germina em 10-20 dias<\/li>\n\n\n\n<li>Exposi\u00e7\u00e3o Sol e semi-sombra<\/li>\n\n\n\n<li>Rega regular, n\u00e3o demasiado abundante, 2 a 3 vezes por semana.<\/li>\n\n\n\n<li>Adapta-se bem a todos os climas<\/li>\n<\/ul>\n\n<p class=\"has-vivid-green-cyan-color has-text-color has-medium-font-size\"><strong>Rosales.<\/strong><\/p>\n<div class=\"wp-block-image is-style-rounded\">\n<figure class=\"alignright size-large is-resized\"><img decoding=\"async\" src=\"https:\/\/cultivers.es\/wp-content\/uploads\/2022\/02\/&#xA1;hazme-tus-preguntas-1224-&#xD7;-1080-px-1224-&#xD7;-581-px-1080-&#xD7;-1080-px-1024x1024.png\" alt=\"\" class=\"wp-image-3808\" style=\"width:156px;height:130px\" title=\"\"><\/figure>\n<\/div>\n<ul class=\"wp-block-list\">\n<li>Tolera os solos pobres.<\/li>\n\n\n\n<li>Fertiliza\u00e7\u00e3o 2 vezes no m\u00ednimo durante o seu ciclo vegetativo<\/li>\n\n\n\n<li>Exposi\u00e7\u00e3o solar m\u00ednima de 4 horas<\/li>\n\n\n\n<li>Rega regular, algumas variedades resistem melhor \u00e0 seca do que outras.<\/li>\n\n\n\n<li>\u00c9 aconselh\u00e1vel podar durante o per\u00edodo de dorm\u00eancia.<\/li>\n<\/ul>\n","protected":false},"excerpt":{"rendered":"<p>Calend\u00e1rio de sementeira de junho, este m\u00eas \u00e9 um m\u00eas em que a horta entra em plena produ\u00e7\u00e3o e \u00e9 a data em que as plantas que colocamos v\u00e3o crescer muito rapidamente. Por isso \u00e9 ideal poder fazer uma segunda sementeira de tomates, beringelas, etc&#8230; Para al\u00e9m de muitas outras coisas que podem ser cultivadas [&hellip;]<\/p>\n","protected":false},"author":2,"featured_media":15747,"comment_status":"closed","ping_status":"closed","sticky":false,"template":"","format":"standard","meta":{"_acf_changed":false,"footnotes":""},"categories":[937],"tags":[],"class_list":["post-21267","post","type-post","status-publish","format-standard","has-post-thumbnail","hentry","category-calendario-de-sementeira"],"acf":[],"_links":{"self":[{"href":"https:\/\/cultivers.es\/pt-pt\/wp-json\/wp\/v2\/posts\/21267","targetHints":{"allow":["GET"]}}],"collection":[{"href":"https:\/\/cultivers.es\/pt-pt\/wp-json\/wp\/v2\/posts"}],"about":[{"href":"https:\/\/cultivers.es\/pt-pt\/wp-json\/wp\/v2\/types\/post"}],"author":[{"embeddable":true,"href":"https:\/\/cultivers.es\/pt-pt\/wp-json\/wp\/v2\/users\/2"}],"replies":[{"embeddable":true,"href":"https:\/\/cultivers.es\/pt-pt\/wp-json\/wp\/v2\/comments?post=21267"}],"version-history":[{"count":5,"href":"https:\/\/cultivers.es\/pt-pt\/wp-json\/wp\/v2\/posts\/21267\/revisions"}],"predecessor-version":[{"id":52156,"href":"https:\/\/cultivers.es\/pt-pt\/wp-json\/wp\/v2\/posts\/21267\/revisions\/52156"}],"wp:featuredmedia":[{"embeddable":true,"href":"https:\/\/cultivers.es\/pt-pt\/wp-json\/wp\/v2\/media\/15747"}],"wp:attachment":[{"href":"https:\/\/cultivers.es\/pt-pt\/wp-json\/wp\/v2\/media?parent=21267"}],"wp:term":[{"taxonomy":"category","embeddable":true,"href":"https:\/\/cultivers.es\/pt-pt\/wp-json\/wp\/v2\/categories?post=21267"},{"taxonomy":"post_tag","embeddable":true,"href":"https:\/\/cultivers.es\/pt-pt\/wp-json\/wp\/v2\/tags?post=21267"}],"curies":[{"name":"wp","href":"https:\/\/api.w.org\/{rel}","templated":true}]}}