{"id":21732,"date":"2022-12-05T11:10:21","date_gmt":"2022-12-05T11:10:21","guid":{"rendered":"https:\/\/cultivers.es\/guia-de-cultivo-de-espinafres\/"},"modified":"2026-01-09T07:45:13","modified_gmt":"2026-01-09T07:45:13","slug":"guia-de-cultivo-de-espinafres","status":"publish","type":"post","link":"https:\/\/cultivers.es\/pt-pt\/blog\/guia-de-cultivo-de-espinafres\/","title":{"rendered":"Guia de cultivo de espinafres"},"content":{"rendered":"\n<p>No guia de cultivo de espinafres vamos dar-te algumas dicas sobre como cultivar espinafres. Este legume pertence \u00e0 fam\u00edlia das chenopodi\u00e1ceas, tal como a acelga e a beterraba. \u00c9 um dos legumes com maior teor de vitaminas e antioxidantes e tamb\u00e9m ajuda a prevenir doen\u00e7as cardiovasculares, reduz o excesso de colesterol e \u00e9 bom para os ossos devido \u00e0 propor\u00e7\u00e3o de c\u00e1lcio e f\u00f3sforo que cont\u00e9m.<\/p>\n\n<p>Em termos de cultivo, o espinafre \u00e9 uma cultura de folhas muito simples. N\u00e3o precisa de muito espa\u00e7o e \u00e9 adequado para pessoas que n\u00e3o t\u00eam muito jeito para o jardim, sendo uma das culturas mais simples que podemos ter no jardim.<\/p>\n\n<p><\/p>\n\n<p><\/p>\n\n<h2 class=\"wp-block-heading\" id=\"block-3e3738fe-22da-4596-8119-96fb6262c4a4\"><strong>QUANDO E COMO SE SEMEIA<\/strong> O ESPINAFRE<\/h2>\n\n<p>Os espinafres podem ser cultivados durante todo o ano, pois existem variedades de outono-inverno e de primavera-ver\u00e3o. Estes \u00faltimos s\u00e3o menos propensos a picos de calor.<\/p>\n\n<p>A sementeira de espinafres \u00e9 muito simples, podendo ser feita tanto em canteiros como em sementeira direta. O ideal \u00e9 humedecer o substrato ou a terra antes de semear e, uma vez feito isso, colocar as sementes. Se o fizermos em canteiros, o ideal \u00e9 colocar 2 ou 3 por alv\u00e9olo, para termos a certeza de que alguns germinar\u00e3o.<\/p>\n\n<p>Se semearmos diretamente, devemos deixar cerca de 20-30 cent\u00edmetros entre as linhas. E lan\u00e7a a semente num pequeno sulco que n\u00f3s fazemos. Depois cobre e humedece novamente. Se vires que tens muitas sementes germinadas, podes desbast\u00e1-las algumas semanas depois da germina\u00e7\u00e3o.<\/p>\n\n<div class=\"wp-block-cover aligncenter\"><span aria-hidden=\"true\" class=\"wp-block-cover__background has-background-dim\"><\/span><img decoding=\"async\" width=\"640\" height=\"427\" class=\"wp-block-cover__image-background wp-image-6882\" alt=\"guia-espinaca\" src=\"https:\/\/cultivers.es\/wp-content\/uploads\/2022\/12\/culture-g58ddd942b_640.jpg\" data-object-fit=\"cover\" title=\"\" srcset=\"https:\/\/cultivers.es\/wp-content\/uploads\/2022\/12\/culture-g58ddd942b_640.jpg 640w, https:\/\/cultivers.es\/wp-content\/uploads\/2022\/12\/culture-g58ddd942b_640-600x400.jpg 600w, https:\/\/cultivers.es\/wp-content\/uploads\/2022\/12\/culture-g58ddd942b_640-300x200.jpg 300w, https:\/\/cultivers.es\/wp-content\/uploads\/2022\/12\/culture-g58ddd942b_640-480x320.jpg 480w\" sizes=\"(max-width: 640px) 100vw, 640px\" \/><div class=\"wp-block-cover__inner-container is-layout-flow wp-block-cover-is-layout-flow\">\n<p class=\"has-text-align-center has-large-font-size\"><\/p>\n<\/div><\/div>\n\n<p><\/p>\n\n<h2 class=\"wp-block-heading\" id=\"block-fe3d85ab-4ce3-447d-b104-2de0a4b26a66\"><strong>IRRIGA\u00c7\u00c3O<\/strong> NO GUIA DE CULTIVO DE ESPINAFRES<\/h2>\n\n<p>Os espinafres gostam de regas curtas e frequentes, apenas o suficiente para manter o substrato ou o solo h\u00famido. Se estivermos na esta\u00e7\u00e3o das chuvas, enquanto a chuva durar e o solo estiver h\u00famido, devemos eliminar a rega.<\/p>\n\n<div class=\"wp-block-cover aligncenter\"><span aria-hidden=\"true\" class=\"wp-block-cover__background has-background-dim\"><\/span><img decoding=\"async\" width=\"640\" height=\"427\" class=\"wp-block-cover__image-background wp-image-6883\" alt=\"guia-cultivo\" src=\"https:\/\/cultivers.es\/wp-content\/uploads\/2022\/12\/green-g63eb1c75f_640.jpg\" data-object-fit=\"cover\" title=\"\" srcset=\"https:\/\/cultivers.es\/wp-content\/uploads\/2022\/12\/green-g63eb1c75f_640.jpg 640w, https:\/\/cultivers.es\/wp-content\/uploads\/2022\/12\/green-g63eb1c75f_640-600x400.jpg 600w, https:\/\/cultivers.es\/wp-content\/uploads\/2022\/12\/green-g63eb1c75f_640-300x200.jpg 300w, https:\/\/cultivers.es\/wp-content\/uploads\/2022\/12\/green-g63eb1c75f_640-480x320.jpg 480w\" sizes=\"(max-width: 640px) 100vw, 640px\" \/><div class=\"wp-block-cover__inner-container is-layout-flow wp-block-cover-is-layout-flow\">\n<p class=\"has-text-align-center has-large-font-size\"><\/p>\n<\/div><\/div>\n\n<p><\/p>\n\n<h2 class=\"wp-block-heading\" id=\"block-c1d6abd2-4a0b-4fa2-bf23-15694d4e2ef4\"><strong>COMO E QUANDO COLHER<\/strong> OS ESPINAFRES<\/h2>\n\n<p>Cerca de 5-6 semanas ap\u00f3s a germina\u00e7\u00e3o, podes come\u00e7ar a colher. Podemos faz\u00ea-lo de duas maneiras: uma, colhendo das folhas exteriores para o centro, tendo sempre muito cuidado para n\u00e3o retirar o olho central do espinafre. Desta forma, podemos colher folhas frescas durante um per\u00edodo mais longo e consumi-las quando nos apetecer.<\/p>\n\n<p>E cortando pela raiz, ou seja, fazendo um corte no colo ao n\u00edvel do solo. Desta forma, n\u00e3o poder\u00e1s colher mais colheitas dessa planta.<\/p>\n\n<p><\/p>\n\n<p><\/p>\n\n<div class=\"wp-block-cover aligncenter\"><span aria-hidden=\"true\" class=\"wp-block-cover__background has-background-dim\"><\/span><img decoding=\"async\" width=\"640\" height=\"427\" class=\"wp-block-cover__image-background wp-image-6884\" alt=\"guia-cultivo\" src=\"https:\/\/cultivers.es\/wp-content\/uploads\/2022\/12\/spinach-g391dd5b26_640.jpg\" data-object-fit=\"cover\" title=\"\" srcset=\"https:\/\/cultivers.es\/wp-content\/uploads\/2022\/12\/spinach-g391dd5b26_640.jpg 640w, https:\/\/cultivers.es\/wp-content\/uploads\/2022\/12\/spinach-g391dd5b26_640-600x400.jpg 600w, https:\/\/cultivers.es\/wp-content\/uploads\/2022\/12\/spinach-g391dd5b26_640-300x200.jpg 300w, https:\/\/cultivers.es\/wp-content\/uploads\/2022\/12\/spinach-g391dd5b26_640-480x320.jpg 480w\" sizes=\"(max-width: 640px) 100vw, 640px\" \/><div class=\"wp-block-cover__inner-container is-layout-flow wp-block-cover-is-layout-flow\">\n<p class=\"has-text-align-center has-large-font-size\"><\/p>\n<\/div><\/div>\n\n<p><\/p>\n\n<h2 class=\"wp-block-heading\" id=\"block-a90073aa-2260-400a-99e5-22025df8709b\"><strong>DOEN\u00c7AS E PRAGAS MAIS COMUNS<\/strong> NA CULTURA DO ESPINAFRE<\/h2>\n\n<p>No guia de cultivo de espinafres, vamos dizer-te quais s\u00e3o as pragas mais comuns nesta cultura.<\/p>\n\n<p><\/p>\n\n<p><\/p>\n\n<div class=\"wp-block-cover aligncenter\"><span aria-hidden=\"true\" class=\"wp-block-cover__background has-background-dim\"><\/span><img decoding=\"async\" width=\"399\" height=\"356\" class=\"wp-block-cover__image-background wp-image-6886\" alt=\"guia-cultivo\" src=\"https:\/\/cultivers.es\/wp-content\/uploads\/2022\/12\/cladosporium-espinaca.jpg\" data-object-fit=\"cover\" title=\"\" srcset=\"https:\/\/cultivers.es\/wp-content\/uploads\/2022\/12\/cladosporium-espinaca.jpg 399w, https:\/\/cultivers.es\/wp-content\/uploads\/2022\/12\/cladosporium-espinaca-300x268.jpg 300w\" sizes=\"(max-width: 399px) 100vw, 399px\" \/><div class=\"wp-block-cover__inner-container is-layout-flow wp-block-cover-is-layout-flow\">\n<p class=\"has-text-align-center has-large-font-size\"><\/p>\n<\/div><\/div>\n\n<p><\/p>\n\n<h2 class=\"wp-block-heading\" id=\"block-4f86f830-6a16-4749-910a-23074f12098e\"><strong>INSECTOS NA CULTURA<\/strong> DO ESPINAFRE<\/h2>\n\n<ul class=\"wp-block-list\">\n<li>Lesmas<\/li>\n\n\n\n<li>Carac\u00f3is<\/li>\n\n\n\n<li>Nem\u00e1todos<\/li>\n\n\n\n<li>Mosca da beterraba<\/li>\n\n\n\n<li>Verme Cinzento<\/li>\n\n\n\n<li>Pulg\u00e3o<\/li>\n<\/ul>\n\n<p><\/p>\n\n<h2 class=\"wp-block-heading\" id=\"block-27074b34-aa76-42e7-8f11-5dfc04eedb97\"><strong>DOEN\u00c7AS<\/strong> <strong>NA CULTURA<\/strong> DO ESPINAFRE<\/h2>\n\n<ul class=\"wp-block-list\">\n<li>M\u00edldio dos espinafres<\/li>\n\n\n\n<li>Cercosporiose<\/li>\n\n\n\n<li>Botrytis cinerea Pers.<\/li>\n\n\n\n<li>Pythium de Baryanum Hesse<\/li>\n<\/ul>\n\n<p><\/p>\n\n<h2 class=\"wp-block-heading\" id=\"block-459c1234-024e-4e8d-8d74-6b544720d232\"><strong>PRODUTOS QUE RECOMENDAMOS PARA ESTA CULTURA<\/strong><\/h2>\n\n<p><\/p>\n\n<figure class=\"wp-block-gallery has-nested-images columns-4 is-cropped wp-block-gallery-1 is-layout-flex wp-block-gallery-is-layout-flex\">\n<figure class=\"wp-block-image size-full\"><img decoding=\"async\" width=\"600\" height=\"847\" data-id=\"4064\" src=\"https:\/\/cultivers.es\/wp-content\/uploads\/2022\/04\/BOLSA.1KG-ROCA-FOSFORICA-600x847-1.jpg\" alt=\"rocha-fosf&#xF3;rica\" class=\"wp-image-4064\" title=\"\" srcset=\"https:\/\/cultivers.es\/wp-content\/uploads\/2022\/04\/BOLSA.1KG-ROCA-FOSFORICA-600x847-1.jpg 600w, https:\/\/cultivers.es\/wp-content\/uploads\/2022\/04\/BOLSA.1KG-ROCA-FOSFORICA-600x847-1-213x300.jpg 213w, https:\/\/cultivers.es\/wp-content\/uploads\/2022\/04\/BOLSA.1KG-ROCA-FOSFORICA-600x847-1-480x678.jpg 480w\" sizes=\"(max-width: 600px) 100vw, 600px\" \/><figcaption class=\"wp-element-caption\"><a href=\"https:\/\/cultivers.es\/pt-pt\/producto\/farinha-de-peixe\/\" target=\"_blank\" rel=\"noreferrer noopener\"><strong>REFEI\u00c7\u00c3O DE PEIXE<\/strong><\/a><\/figcaption><\/figure>\n\n\n\n<figure class=\"wp-block-image size-large\"><img decoding=\"async\" data-id=\"4530\" src=\"https:\/\/cultivers.es\/wp-content\/uploads\/2022\/05\/Triplea-accio&#x301;n-724x1024.jpg\" alt=\"ajuda-peste-doen&#xE7;a\" class=\"wp-image-4530\" title=\"\"><figcaption class=\"wp-element-caption\"><a href=\"https:\/\/cultivers.es\/de\/producto\/dreifach-aktion-gebrauchsfertig\/\" target=\"_blank\" rel=\"noreferrer noopener\">AC\u00c7\u00c3O TRIPLA<\/a><\/figcaption><\/figure>\n\n\n\n<figure class=\"wp-block-image size-large\"><img decoding=\"async\" width=\"1596\" height=\"2000\" data-id=\"1795\" src=\"https:\/\/cultivers.es\/wp-content\/uploads\/2021\/10\/melaza1l-1.jpg\" alt=\"AGRO-MELAZA\" class=\"wp-image-1795\" title=\"\" srcset=\"https:\/\/cultivers.es\/wp-content\/uploads\/2021\/10\/melaza1l-1.jpg 1596w, https:\/\/cultivers.es\/wp-content\/uploads\/2021\/10\/melaza1l-1-600x752.jpg 600w\" sizes=\"(max-width: 1596px) 100vw, 1596px\" \/><figcaption class=\"wp-element-caption\"><a href=\"https:\/\/cultivers.es\/pt-pt\/producto\/melaco-de-melada-para-plantas\/\" target=\"_blank\" rel=\"noreferrer noopener\">AGRO MELAZA<\/a><\/figcaption><\/figure>\n\n\n<\/figure>\n\n<h2 class=\"wp-block-heading\">AS NOSSAS SEMENTES DE ESPINAFRES<\/h2>\n\n<figure class=\"wp-block-gallery has-nested-images columns-default is-cropped wp-block-gallery-2 is-layout-flex wp-block-gallery-is-layout-flex\">\n<figure class=\"wp-block-image size-thumbnail is-style-default\"><img decoding=\"async\" data-id=\"5190\" src=\"https:\/\/cultivers.es\/wp-content\/uploads\/2022\/07\/Semillas-Espinaca-Butterflay-Ecolo&#x301;gicas-150x150.jpg\" alt=\"SEMENTE-SHOP\" class=\"wp-image-5190\" title=\"\"><figcaption class=\"wp-element-caption\"><a href=\"https:\/\/cultivers.es\/pt-pt\/producto\/espinafres-espinafres-butterflay-ecologicos\/\" target=\"_blank\" rel=\"noreferrer noopener\">MANTEIGA DE ESPINAFRE<\/a><\/figcaption><\/figure>\n\n\n\n<figure class=\"wp-block-image size-thumbnail\"><img decoding=\"async\" data-id=\"5162\" src=\"https:\/\/cultivers.es\/wp-content\/uploads\/2022\/07\/Semillas-Espinaca-Matador-Ecolo&#x301;gicas-150x150.jpg\" alt=\"VENDA DE SEMENTES\" class=\"wp-image-5162\" title=\"\"><figcaption class=\"wp-element-caption\"><a href=\"https:\/\/cultivers.es\/pt-pt\/producto\/espinafres-espinafres-sementes-assassinas-ecologicas\/\" target=\"_blank\" rel=\"noreferrer noopener\">ESPINAFRE ASSASSINO<\/a><\/figcaption><\/figure>\n<\/figure>\n\n<p><\/p>\n","protected":false},"excerpt":{"rendered":"<p>No guia de cultivo de espinafres vamos dar-te algumas dicas sobre como cultivar espinafres. Este legume pertence \u00e0 fam\u00edlia das chenopodi\u00e1ceas, tal como a acelga e a beterraba. \u00c9 um dos legumes com maior teor de vitaminas e antioxidantes e tamb\u00e9m ajuda a prevenir doen\u00e7as cardiovasculares, reduz o excesso de colesterol e \u00e9 bom para [&hellip;]<\/p>\n","protected":false},"author":2,"featured_media":16272,"comment_status":"closed","ping_status":"closed","sticky":false,"template":"","format":"standard","meta":{"_acf_changed":false,"footnotes":""},"categories":[897],"tags":[],"class_list":["post-21732","post","type-post","status-publish","format-standard","has-post-thumbnail","hentry","category-guia-de-culturas"],"acf":[],"_links":{"self":[{"href":"https:\/\/cultivers.es\/pt-pt\/wp-json\/wp\/v2\/posts\/21732","targetHints":{"allow":["GET"]}}],"collection":[{"href":"https:\/\/cultivers.es\/pt-pt\/wp-json\/wp\/v2\/posts"}],"about":[{"href":"https:\/\/cultivers.es\/pt-pt\/wp-json\/wp\/v2\/types\/post"}],"author":[{"embeddable":true,"href":"https:\/\/cultivers.es\/pt-pt\/wp-json\/wp\/v2\/users\/2"}],"replies":[{"embeddable":true,"href":"https:\/\/cultivers.es\/pt-pt\/wp-json\/wp\/v2\/comments?post=21732"}],"version-history":[{"count":8,"href":"https:\/\/cultivers.es\/pt-pt\/wp-json\/wp\/v2\/posts\/21732\/revisions"}],"predecessor-version":[{"id":52195,"href":"https:\/\/cultivers.es\/pt-pt\/wp-json\/wp\/v2\/posts\/21732\/revisions\/52195"}],"wp:featuredmedia":[{"embeddable":true,"href":"https:\/\/cultivers.es\/pt-pt\/wp-json\/wp\/v2\/media\/16272"}],"wp:attachment":[{"href":"https:\/\/cultivers.es\/pt-pt\/wp-json\/wp\/v2\/media?parent=21732"}],"wp:term":[{"taxonomy":"category","embeddable":true,"href":"https:\/\/cultivers.es\/pt-pt\/wp-json\/wp\/v2\/categories?post=21732"},{"taxonomy":"post_tag","embeddable":true,"href":"https:\/\/cultivers.es\/pt-pt\/wp-json\/wp\/v2\/tags?post=21732"}],"curies":[{"name":"wp","href":"https:\/\/api.w.org\/{rel}","templated":true}]}}