{"id":40956,"date":"2024-12-11T00:00:00","date_gmt":"2024-12-11T00:00:00","guid":{"rendered":"https:\/\/cultivers.es\/laura-seva-ama-e-cuida-das-suculentas\/"},"modified":"2024-12-11T00:01:07","modified_gmt":"2024-12-11T00:01:07","slug":"laura-seva-ama-e-cuida-das-suculentas","status":"publish","type":"post","link":"https:\/\/cultivers.es\/pt-pt\/blog\/laura-seva-ama-e-cuida-das-suculentas\/","title":{"rendered":"Laura Seva: Ama e cuida das suculentas"},"content":{"rendered":"\n<p>Laura Seva \u00e9 apaixonada pelo mundo das plantas, especialmente das suculentas, que cultiva h\u00e1 anos no seu pequeno jardim. Al\u00e9m disso, no seu perfil do Instagram, @succulent_planet20, oferece dicas pr\u00e1ticas, tutoriais e muita inspira\u00e7\u00e3o para que qualquer pessoa possa criar o seu pr\u00f3prio o\u00e1sis verde. Laura aprendeu todos os segredos destas esp\u00e9cies fascinantes e pedimos-lhe que partilhasse connosco alguns dos seus conhecimentos e segredos.  <\/p>\n<div class=\"wp-block-image\">\n<figure class=\"aligncenter size-large is-resized\"><img decoding=\"async\" width=\"970\" height=\"1024\" src=\"https:\/\/cultivers.es\/wp-content\/uploads\/2024\/12\/Laura_Laura-Hotrod-scaled-2-970x1024.jpg\" alt=\"\" class=\"wp-image-40789\" style=\"object-fit:cover;width:600px;height:600px\" title=\"\" srcset=\"https:\/\/cultivers.es\/wp-content\/uploads\/2024\/12\/Laura_Laura-Hotrod-scaled-2-970x1024.jpg 970w, https:\/\/cultivers.es\/wp-content\/uploads\/2024\/12\/Laura_Laura-Hotrod-scaled-2-600x634.jpg 600w, https:\/\/cultivers.es\/wp-content\/uploads\/2024\/12\/Laura_Laura-Hotrod-scaled-2-284x300.jpg 284w, https:\/\/cultivers.es\/wp-content\/uploads\/2024\/12\/Laura_Laura-Hotrod-scaled-2-768x811.jpg 768w, https:\/\/cultivers.es\/wp-content\/uploads\/2024\/12\/Laura_Laura-Hotrod-scaled-2-1454x1536.jpg 1454w, https:\/\/cultivers.es\/wp-content\/uploads\/2024\/12\/Laura_Laura-Hotrod-scaled-2-1939x2048.jpg 1939w, https:\/\/cultivers.es\/wp-content\/uploads\/2024\/12\/Laura_Laura-Hotrod-scaled-2-1080x1141.jpg 1080w, https:\/\/cultivers.es\/wp-content\/uploads\/2024\/12\/Laura_Laura-Hotrod-scaled-2-1280x1352.jpg 1280w, https:\/\/cultivers.es\/wp-content\/uploads\/2024\/12\/Laura_Laura-Hotrod-scaled-2-980x1035.jpg 980w, https:\/\/cultivers.es\/wp-content\/uploads\/2024\/12\/Laura_Laura-Hotrod-scaled-2-480x507.jpg 480w\" sizes=\"(max-width: 970px) 100vw, 970px\" \/><\/figure>\n<\/div>\n<h2 class=\"wp-block-heading\">Como e quando surgiu a tua paix\u00e3o pelos cuidados com as plantas?<\/h2>\n\n<p>Sempre me considerei uma &#8220;assassina de plantas&#8221;, uma daquelas pessoas que, sem saber como, conseguia impedir que qualquer verdura da casa sobrevivesse. Nunca tinha prestado muita aten\u00e7\u00e3o aos cactos e \u00e0s suculentas, at\u00e9 que um dia, acompanhando a minha sogra ao viveiro, dei de caras com a sec\u00e7\u00e3o das suculentas e fiquei maravilhada com as cores e as formas peculiares! Fiquei imediatamente encantada e decidi levar algumas para casa. Lembro-me de ter comprado, sem saber, tr\u00eas enxertos, uma Echeveria e um Pleiospilos, que, incrivelmente, vive comigo h\u00e1 6 anos. Ao ver que, nas minhas m\u00e3os, essas plantas n\u00e3o s\u00f3 sobreviviam, como prosperavam, comecei a coleccion\u00e1-las. Durante o confinamento, quando todos procur\u00e1vamos novas formas de nos ligarmos, fui encorajada a partilhar no Instagram o que estava a fazer com elas: transplantar, cuidar delas&#8230;. Embora nessa altura o @succulent_planet20 ainda n\u00e3o existisse, fi-lo a partir do meu perfil pessoal.         <\/p>\n\n<h2 class=\"wp-block-heading\">E quando \u00e9 que come\u00e7aste a partilhar nas redes sociais?<\/h2>\n\n<p>Durante o confinamento, comecei a mostrar no Instagram como cuidava das minhas plantas a partir do meu perfil pessoal. Para minha surpresa, os meus seguidores adoraram o que partilhei, e fui recebendo cada vez mais perguntas sobre cuidados, transplantes e truques com suculentas. Foi ent\u00e3o que percebi que havia uma comunidade interessada no que eu estava a fazer. Um dia, em maio de 2020, acordei com uma ideia clara - talvez a tenha sonhado, quem sabe - mas abri um novo perfil e, quase como por magia, o nome Succulent_planet20 apareceu na minha mente. Foi assim que tudo come\u00e7ou e, desde ent\u00e3o, n\u00e3o parei de partilhar a minha paix\u00e3o pelas suculentas com a comunidade.    <\/p>\n<div class=\"wp-block-image\">\n<figure class=\"aligncenter size-large is-resized\"><img decoding=\"async\" width=\"768\" height=\"1024\" src=\"https:\/\/cultivers.es\/wp-content\/uploads\/2024\/12\/20240817_083833-768x1024.jpg\" alt=\"\" class=\"wp-image-40753\" style=\"object-fit:cover;width:600px;height:600px\" title=\"\" srcset=\"https:\/\/cultivers.es\/wp-content\/uploads\/2024\/12\/20240817_083833-768x1024.jpg 768w, https:\/\/cultivers.es\/wp-content\/uploads\/2024\/12\/20240817_083833-scaled-600x800.jpg 600w, https:\/\/cultivers.es\/wp-content\/uploads\/2024\/12\/20240817_083833-225x300.jpg 225w, https:\/\/cultivers.es\/wp-content\/uploads\/2024\/12\/20240817_083833-1152x1536.jpg 1152w, https:\/\/cultivers.es\/wp-content\/uploads\/2024\/12\/20240817_083833-1536x2048.jpg 1536w, https:\/\/cultivers.es\/wp-content\/uploads\/2024\/12\/20240817_083833-1080x1440.jpg 1080w, https:\/\/cultivers.es\/wp-content\/uploads\/2024\/12\/20240817_083833-1280x1707.jpg 1280w, https:\/\/cultivers.es\/wp-content\/uploads\/2024\/12\/20240817_083833-980x1307.jpg 980w, https:\/\/cultivers.es\/wp-content\/uploads\/2024\/12\/20240817_083833-480x640.jpg 480w, https:\/\/cultivers.es\/wp-content\/uploads\/2024\/12\/20240817_083833-scaled.jpg 1920w\" sizes=\"(max-width: 768px) 100vw, 768px\" \/><\/figure>\n<\/div>\n<h2 class=\"wp-block-heading\">De todas as suculentas, qual \u00e9 a tua preferida?<\/h2>\n\n<p>Gosto especialmente das Echeverias. A variedade de cores e formas que apresentam, juntamente com as suas rosetas perfeitamente geom\u00e9tricas, fascinam-me verdadeiramente. Cada uma tem o seu pr\u00f3prio charme e car\u00e1cter, e fico sempre surpreendida com a versatilidade destas plantas. No entanto, tamb\u00e9m tenho uma grande admira\u00e7\u00e3o pelas Aizoaceae. O seu aspeto e a sua capacidade de adapta\u00e7\u00e3o a condi\u00e7\u00f5es extremas fazem de cada esp\u00e9cie um pequeno milagre da natureza. Tanto as Echeverias como as Aizoaceae t\u00eam um lugar especial no meu cora\u00e7\u00e3o e na minha cole\u00e7\u00e3o.     <\/p>\n\n<h2 class=\"wp-block-heading\">D\u00e1-nos alguns conselhos que consideres essenciais.<\/h2>\n\n<p>O meu principal conselho \u00e9 a observa\u00e7\u00e3o. Prestando aten\u00e7\u00e3o \u00e0s nossas suculentas e observando como reagem ao seu ambiente, podemos aprender a compreender a sua &#8220;linguagem&#8221; e as suas necessidades em cada momento. Esta aten\u00e7\u00e3o aos detalhes permitir-nos-\u00e1 mant\u00ea-las felizes e saud\u00e1veis, o que se reflectir\u00e1 na sua cor vibrante e no seu crescimento. A chave \u00e9 ouvir o que as plantas nos dizem atrav\u00e9s dos seus sinais, pois isso ajudar-nos-\u00e1 a proporcionar-lhes os cuidados ideais de que necessitam.   <\/p>\n<div class=\"wp-block-image\">\n<figure class=\"aligncenter size-large is-resized\"><img decoding=\"async\" width=\"768\" height=\"1024\" src=\"https:\/\/cultivers.es\/wp-content\/uploads\/2024\/12\/20240817_083920-768x1024.jpg\" alt=\"\" class=\"wp-image-40776\" style=\"object-fit:cover;width:600px;height:600px\" title=\"\" srcset=\"https:\/\/cultivers.es\/wp-content\/uploads\/2024\/12\/20240817_083920-768x1024.jpg 768w, https:\/\/cultivers.es\/wp-content\/uploads\/2024\/12\/20240817_083920-scaled-600x800.jpg 600w, https:\/\/cultivers.es\/wp-content\/uploads\/2024\/12\/20240817_083920-225x300.jpg 225w, https:\/\/cultivers.es\/wp-content\/uploads\/2024\/12\/20240817_083920-1152x1536.jpg 1152w, https:\/\/cultivers.es\/wp-content\/uploads\/2024\/12\/20240817_083920-1536x2048.jpg 1536w, https:\/\/cultivers.es\/wp-content\/uploads\/2024\/12\/20240817_083920-1080x1440.jpg 1080w, https:\/\/cultivers.es\/wp-content\/uploads\/2024\/12\/20240817_083920-1280x1707.jpg 1280w, https:\/\/cultivers.es\/wp-content\/uploads\/2024\/12\/20240817_083920-980x1307.jpg 980w, https:\/\/cultivers.es\/wp-content\/uploads\/2024\/12\/20240817_083920-480x640.jpg 480w, https:\/\/cultivers.es\/wp-content\/uploads\/2024\/12\/20240817_083920-scaled.jpg 1920w\" sizes=\"(max-width: 768px) 100vw, 768px\" \/><\/figure>\n<\/div>\n<h2 class=\"wp-block-heading has-text-align-center\">Leitura essencial:<\/h2>\n\n<p>Durante muitos anos, a minha refer\u00eancia foi Mercedes Garc\u00eda Bravo. A sua paix\u00e3o pelos cactos, aizo\u00e1ceas e outras plantas suculentas, bem como a sua forma de explicar os seus cuidados e necessidades, tem sido uma grande inspira\u00e7\u00e3o para mim. A sua capacidade de ensinar como estas plantas funcionam por dentro \u00e9 realmente fascinante. Tenho tido a sorte de ter contacto com ela, embora ainda n\u00e3o tenhamos tido o prazer de nos encontrarmos pessoalmente. Al\u00e9m disso, ofereceu-me o seu livro Cactus with Heart, que recomendo a 100% para qualquer amante de suculentas. A sua abordagem e conhecimentos s\u00e3o inestim\u00e1veis para quem quer aprofundar o mundo das plantas.     <\/p>\n\n<p>Cato com cora\u00e7\u00e3o. Muito mais do que apenas espinhos <\/p>\n\n<p><strong>Editora:<\/strong> La esfera de los libros, s.L.<\/p>\n\n<p><strong>Autor: <\/strong>Mercedes Garc\u00eda Bravo<\/p>\n<div class=\"wp-block-image\">\n<figure class=\"aligncenter size-large is-resized\"><img decoding=\"async\" width=\"683\" height=\"1024\" src=\"https:\/\/cultivers.es\/wp-content\/uploads\/2024\/12\/libro-683x1024.jpg\" alt=\"\" class=\"wp-image-40747\" style=\"width:300px\" title=\"\" srcset=\"https:\/\/cultivers.es\/wp-content\/uploads\/2024\/12\/libro-683x1024.jpg 683w, https:\/\/cultivers.es\/wp-content\/uploads\/2024\/12\/libro-600x900.jpg 600w, https:\/\/cultivers.es\/wp-content\/uploads\/2024\/12\/libro-200x300.jpg 200w, https:\/\/cultivers.es\/wp-content\/uploads\/2024\/12\/libro-768x1152.jpg 768w, https:\/\/cultivers.es\/wp-content\/uploads\/2024\/12\/libro-980x1470.jpg 980w, https:\/\/cultivers.es\/wp-content\/uploads\/2024\/12\/libro-480x720.jpg 480w, https:\/\/cultivers.es\/wp-content\/uploads\/2024\/12\/libro.jpg 1000w\" sizes=\"(max-width: 683px) 100vw, 683px\" \/><\/figure>\n<\/div>","protected":false},"excerpt":{"rendered":"<p>Laura Seva \u00e9 apaixonada pelo mundo das plantas, especialmente das suculentas, que cultiva h\u00e1 anos no seu pequeno jardim. Al\u00e9m disso, no seu perfil do Instagram, @succulent_planet20, oferece dicas pr\u00e1ticas, tutoriais e muita inspira\u00e7\u00e3o para que qualquer pessoa possa criar o seu pr\u00f3prio o\u00e1sis verde. Laura aprendeu todos os segredos destas esp\u00e9cies fascinantes e pedimos-lhe [&hellip;]<\/p>\n","protected":false},"author":2,"featured_media":0,"comment_status":"open","ping_status":"closed","sticky":false,"template":"","format":"standard","meta":{"_acf_changed":false,"footnotes":""},"categories":[922],"tags":[],"class_list":["post-40956","post","type-post","status-publish","format-standard","hentry","category-historias-ecologicas-de-pomar-e-jardim"],"acf":[],"_links":{"self":[{"href":"https:\/\/cultivers.es\/pt-pt\/wp-json\/wp\/v2\/posts\/40956","targetHints":{"allow":["GET"]}}],"collection":[{"href":"https:\/\/cultivers.es\/pt-pt\/wp-json\/wp\/v2\/posts"}],"about":[{"href":"https:\/\/cultivers.es\/pt-pt\/wp-json\/wp\/v2\/types\/post"}],"author":[{"embeddable":true,"href":"https:\/\/cultivers.es\/pt-pt\/wp-json\/wp\/v2\/users\/2"}],"replies":[{"embeddable":true,"href":"https:\/\/cultivers.es\/pt-pt\/wp-json\/wp\/v2\/comments?post=40956"}],"version-history":[{"count":0,"href":"https:\/\/cultivers.es\/pt-pt\/wp-json\/wp\/v2\/posts\/40956\/revisions"}],"wp:attachment":[{"href":"https:\/\/cultivers.es\/pt-pt\/wp-json\/wp\/v2\/media?parent=40956"}],"wp:term":[{"taxonomy":"category","embeddable":true,"href":"https:\/\/cultivers.es\/pt-pt\/wp-json\/wp\/v2\/categories?post=40956"},{"taxonomy":"post_tag","embeddable":true,"href":"https:\/\/cultivers.es\/pt-pt\/wp-json\/wp\/v2\/tags?post=40956"}],"curies":[{"name":"wp","href":"https:\/\/api.w.org\/{rel}","templated":true}]}}